{"id":528,"date":"2022-04-11T13:28:20","date_gmt":"2022-04-11T11:28:20","guid":{"rendered":"https:\/\/kozelafrikahoz.hu\/?p=528"},"modified":"2025-06-03T14:58:04","modified_gmt":"2025-06-03T12:58:04","slug":"negy-nap-az-afrika-expon","status":"publish","type":"post","link":"https:\/\/kozelafrikahoz.hu\/en\/negy-nap-az-afrika-expon\/","title":{"rendered":"Four  Days at the Africa Expo"},"content":{"rendered":"<p class=\"wp-block-paragraph\">We had a great time at the Africa Expo, meeting lots of new people. We were pleased to be joined by so many Supporters and Volunteers who attended four professional talks.<\/p>\n\n\n\n<figure class=\"wp-block-image size-large\"><img loading=\"lazy\" decoding=\"async\" width=\"1024\" height=\"768\" src=\"https:\/\/kozelafrikahoz.hu\/wp-content\/uploads\/2022\/04\/275437013_2322375114569619_1420143689592537227_n-e1653412393546-1024x768.jpg\" alt=\"expo5\" class=\"wp-image-533\" srcset=\"https:\/\/kozelafrikahoz.hu\/wp-content\/uploads\/2022\/04\/275437013_2322375114569619_1420143689592537227_n-e1653412393546-980x735.jpg 980w, https:\/\/kozelafrikahoz.hu\/wp-content\/uploads\/2022\/04\/275437013_2322375114569619_1420143689592537227_n-e1653412393546-480x360.jpg 480w\" sizes=\"(min-width: 0px) and (max-width: 480px) 480px, (min-width: 481px) and (max-width: 980px) 980px, (min-width: 981px) 1024px, 100vw\" \/><\/figure>\n\n\n\n<p class=\"wp-block-paragraph\">WHAT WAS THE BEST PART?<\/p>\n\n\n\n<ul class=\"wp-block-list\">\n<li>It was great to tell people about Africa and our programmes. Visitors also really liked the colourful materials, handmade souvenirs, books, publications and our decorative stall, which radiated a friendly, relaxed atmosphere.\ud83d\ude42<\/li>\n\n\n\n<li>Most of the Africa-related organizations in Hungary were there. After a long time, we had the chance to meet again with organisations who are also working in Africa: we had the opportunity to talk to each other and share our experiences helping in Africa.<\/li>\n\n\n\n<li>To stand together with our volunteers. Thanks again for all your help!\nTogether, we made a difference to make people more aware of Mali and Rwanda and to support children's education and the Girls' Cause.<br>We also participated in four professional talks regarding child support, higher education scholarship programmes, women's destinies and green schools. New ideas came up, new opportunities for cooperation emerged. The knowledge-sharing worked very well!<\/li>\n\n\n\n<li>Last year's biggest sponsor, Hungary Helps, worked tirelessly to make the event a success and was actively present and interested in hearing about the experiences.<\/li>\n\n\n\n<li>Both the organiser and the organisations were keen to get closer to the goal of: How can we help in GOOD way in Africa?<\/li>\n\n\n\n<li>THE CHERRY ON THE CAKE: We finished the patches of a life-size giraffe model! Children and adults alike sat down to draw and colour to complete the giraffe model. We've moved on to our new community drawing project for another endangered animal, the rhinoceros.<\/li>\n<\/ul>\n\n\n\n<figure class=\"wp-block-gallery has-nested-images columns-default is-cropped wp-block-gallery-1 is-layout-flex wp-block-gallery-is-layout-flex\">\n<figure class=\"wp-block-image size-large\"><img loading=\"lazy\" decoding=\"async\" width=\"756\" height=\"567\" data-id=\"532\" src=\"https:\/\/kozelafrikahoz.hu\/wp-content\/uploads\/2022\/04\/275171860_985408392099206_5752156893229815829_n.jpg\" alt=\"\" class=\"wp-image-532\" srcset=\"https:\/\/kozelafrikahoz.hu\/wp-content\/uploads\/2022\/04\/275171860_985408392099206_5752156893229815829_n.jpg 756w, https:\/\/kozelafrikahoz.hu\/wp-content\/uploads\/2022\/04\/275171860_985408392099206_5752156893229815829_n-480x360.jpg 480w\" sizes=\"(min-width: 0px) and (max-width: 480px) 480px, (min-width: 481px) 756px, 100vw\" \/><\/figure>\n\n\n\n<figure class=\"wp-block-image size-large\"><img loading=\"lazy\" decoding=\"async\" width=\"2048\" height=\"1536\" data-id=\"531\" src=\"https:\/\/kozelafrikahoz.hu\/wp-content\/uploads\/2022\/04\/275129999_1585963821773959_7435238469131265044_n.jpg\" alt=\"\" class=\"wp-image-531\" srcset=\"https:\/\/kozelafrikahoz.hu\/wp-content\/uploads\/2022\/04\/275129999_1585963821773959_7435238469131265044_n.jpg 2048w, https:\/\/kozelafrikahoz.hu\/wp-content\/uploads\/2022\/04\/275129999_1585963821773959_7435238469131265044_n-1280x960.jpg 1280w, https:\/\/kozelafrikahoz.hu\/wp-content\/uploads\/2022\/04\/275129999_1585963821773959_7435238469131265044_n-980x735.jpg 980w, https:\/\/kozelafrikahoz.hu\/wp-content\/uploads\/2022\/04\/275129999_1585963821773959_7435238469131265044_n-480x360.jpg 480w\" sizes=\"(min-width: 0px) and (max-width: 480px) 480px, (min-width: 481px) and (max-width: 980px) 980px, (min-width: 981px) and (max-width: 1280px) 1280px, (min-width: 1281px) 2048px, 100vw\" \/><\/figure>\n\n\n\n<figure class=\"wp-block-image size-large\"><img loading=\"lazy\" decoding=\"async\" width=\"756\" height=\"567\" data-id=\"530\" src=\"https:\/\/kozelafrikahoz.hu\/wp-content\/uploads\/2022\/04\/275094481_3133470726980366_2491266568901488336_n.jpg\" alt=\"\" class=\"wp-image-530\" srcset=\"https:\/\/kozelafrikahoz.hu\/wp-content\/uploads\/2022\/04\/275094481_3133470726980366_2491266568901488336_n.jpg 756w, https:\/\/kozelafrikahoz.hu\/wp-content\/uploads\/2022\/04\/275094481_3133470726980366_2491266568901488336_n-480x360.jpg 480w\" sizes=\"(min-width: 0px) and (max-width: 480px) 480px, (min-width: 481px) 756px, 100vw\" \/><\/figure>\n<\/figure>","protected":false},"excerpt":{"rendered":"<p>We had a great time at the Africa Expo, meeting lots of new people. We were pleased to be joined by so many Supporters and Volunteers who attended four professional talks.<\/p>","protected":false},"author":3,"featured_media":529,"comment_status":"closed","ping_status":"closed","sticky":false,"template":"","format":"standard","meta":{"_et_pb_use_builder":"off","_et_pb_old_content":"<!-- wp:paragraph -->\n<p>Remek\u00fcl \u00e9rezt\u00fck magunkat az Afrika Expon, sok-sok \u00faj emberrel ismerkedt\u00fcnk meg, T\u00e1mogat\u00f3k \u00e9s \u00d6nk\u00e9ntesek csatlakoztak hozz\u00e1nk \u00e9s n\u00e9gy szakmai besz\u00e9lget\u00e9sen is r\u00e9szt vett\u00fcnk.<\/p>\n<!-- \/wp:paragraph -->\n\n<!-- wp:image {\"id\":533,\"sizeSlug\":\"large\",\"linkDestination\":\"none\"} -->\n<figure class=\"wp-block-image size-large\"><img src=\"https:\/\/kozelafrikahoz.hu\/wp-content\/uploads\/2022\/04\/275437013_2322375114569619_1420143689592537227_n-1024x576.jpg\" alt=\"\" class=\"wp-image-533\"\/><\/figure>\n<!-- \/wp:image -->\n\n<!-- wp:paragraph -->\n<p>HOGY MI VOLT A LEGJOBB?<\/p>\n<!-- \/wp:paragraph -->\n\n<!-- wp:list -->\n<ul><li>J\u00f3 volt mes\u00e9lni az \u00e9rdekl\u0151d\u0151knek Afrik\u00e1r\u00f3l, programjainkr\u00f3l. A l\u00e1togat\u00f3knak nagyon tetszettek a sz\u00ednes anyagok, a k\u00e9zzel k\u00e9sz\u00edtett aj\u00e1nd\u00e9kt\u00e1rgyak, a k\u00f6nyvek, a kiadv\u00e1nyok \u00e9s a dekorat\u00edv standunk is, ami bar\u00e1ts\u00e1gos, laza hangulatot sug\u00e1rzott. \ud83d\ude42<\/li><li>Az Afrik\u00e1ban dolgoz\u00f3 szervezetek nagy r\u00e9sze itt volt. Hossz\u00fa id\u0151 ut\u00e1n \u00fajra tal\u00e1lkozhattunk azokkal a szervezetekkel, akik szint\u00e9n Afrik\u00e1ban dolgoznak: volt lehet\u0151s\u00e9g\u00fcnk besz\u00e9lgetni egym\u00e1ssal \u00e9s megosztani tapasztalatainkat az afrikai seg\u00edts\u00e9gny\u00fajt\u00e1sr\u00f3l.<\/li><li>\u00d6nk\u00e9nteseinkkel egy\u00fctt standolni. \ud83d\ude0a Ez\u00faton is k\u00f6sz\u00f6nj\u00fck a sok seg\u00edts\u00e9get! K\u00f6z\u00f6sen tett\u00fcnk az\u00e9rt, hogy jobban megismerj\u00e9k Malit \u00e9s Ruand\u00e1t az emberek \u00e9s t\u00e1mogass\u00e1k a gyermekek tanul\u00e1s\u00e1t \u00e9s a l\u00e1nyok \u00fcgy\u00e9t.<br>N\u00e9gy szakmai besz\u00e9lget\u00e9sen is r\u00e9szt vett\u00fcnk: a gyermekt\u00e1mogat\u00e1s, a fels\u0151oktat\u00e1si \u00f6szt\u00f6nd\u00edjprogramok, a n\u0151i sorsok \u00e9s a z\u00f6ld iskol\u00e1k kapcs\u00e1n is k\u00e9pviseltett\u00fck magunkat. J\u00f6ttek \u00faj \u00f6tletek, felmer\u00fcltek \u00faj egy\u00fcttm\u0171k\u00f6d\u00e9si lehet\u0151s\u00e9gek. A tud\u00e1smegoszt\u00e1s nagyon j\u00f3l m\u0171k\u00f6d\u00f6tt!<\/li><li>A tavalyi \u00e9v legnagyobb szponzora: a Hungary Helps \u2013 Magyarorsz\u00e1g seg\u00edt munkat\u00e1rsai f\u00e1radhatatlanul dolgoztak a sikeres rendezv\u00e9ny megval\u00f3s\u00edt\u00e1s\u00e1n \u00e9s akt\u00edvan jelen voltak, \u00e9rdekl\u0151dve hallgatt\u00e1k a tapasztalatokat.<\/li><li>Mind a szervez\u0151, mind a szervezetek r\u00e9sz\u00e9r\u0151l \u00e9rezhet\u0151 volt a c\u00e9l, ami nem m\u00e1s, mint k\u00f6zelebb jutni ahhoz, hogy: Hogyan tudunk J\u00d3L seg\u00edteni Afrik\u00e1ban?<\/li><li>HAB A TORT\u00c1N: Befejezt\u00fck az \u00e9letnagys\u00e1g\u00fa zsir\u00e1f foltjait! Kicsik \u00e9s nagyok is le\u00fcltek rajzolni \u00e9s sz\u00ednezni, a zsir\u00e1funk elk\u00e9sz\u00fclt. \u00c1tt\u00e9rt\u00fcnk \u00faj k\u00f6z\u00f6ss\u00e9gi rajz projekt\u00fcnkre, ami egy m\u00e1sik vesz\u00e9lyeztetett \u00e1llathoz, az orrszarv\u00fahoz k\u00f6t\u0151dik.<\/li><\/ul>\n<!-- \/wp:list -->\n\n<!-- wp:gallery {\"linkTo\":\"none\"} -->\n<figure class=\"wp-block-gallery has-nested-images columns-default is-cropped\"><!-- wp:image {\"id\":532,\"sizeSlug\":\"large\",\"linkDestination\":\"none\"} -->\n<figure class=\"wp-block-image size-large\"><img src=\"https:\/\/kozelafrikahoz.hu\/wp-content\/uploads\/2022\/04\/275171860_985408392099206_5752156893229815829_n.jpg\" alt=\"\" class=\"wp-image-532\"\/><\/figure>\n<!-- \/wp:image -->\n\n<!-- wp:image {\"id\":531,\"sizeSlug\":\"large\",\"linkDestination\":\"none\"} -->\n<figure class=\"wp-block-image size-large\"><img src=\"https:\/\/kozelafrikahoz.hu\/wp-content\/uploads\/2022\/04\/275129999_1585963821773959_7435238469131265044_n.jpg\" alt=\"\" class=\"wp-image-531\"\/><\/figure>\n<!-- \/wp:image -->\n\n<!-- wp:image {\"id\":530,\"sizeSlug\":\"large\",\"linkDestination\":\"none\"} -->\n<figure class=\"wp-block-image size-large\"><img src=\"https:\/\/kozelafrikahoz.hu\/wp-content\/uploads\/2022\/04\/275094481_3133470726980366_2491266568901488336_n.jpg\" alt=\"\" class=\"wp-image-530\"\/><\/figure>\n<!-- \/wp:image --><\/figure>\n<!-- \/wp:gallery -->","_et_gb_content_width":"","footnotes":""},"categories":[44,43,7],"tags":[],"class_list":["post-528","post","type-post","status-publish","format-standard","has-post-thumbnail","hentry","category-eloadasok-afrikarol","category-fesztivalszervezes","category-mi-ujsag"],"_links":{"self":[{"href":"https:\/\/kozelafrikahoz.hu\/en\/wp-json\/wp\/v2\/posts\/528","targetHints":{"allow":["GET"]}}],"collection":[{"href":"https:\/\/kozelafrikahoz.hu\/en\/wp-json\/wp\/v2\/posts"}],"about":[{"href":"https:\/\/kozelafrikahoz.hu\/en\/wp-json\/wp\/v2\/types\/post"}],"author":[{"embeddable":true,"href":"https:\/\/kozelafrikahoz.hu\/en\/wp-json\/wp\/v2\/users\/3"}],"replies":[{"embeddable":true,"href":"https:\/\/kozelafrikahoz.hu\/en\/wp-json\/wp\/v2\/comments?post=528"}],"version-history":[{"count":6,"href":"https:\/\/kozelafrikahoz.hu\/en\/wp-json\/wp\/v2\/posts\/528\/revisions"}],"predecessor-version":[{"id":4195,"href":"https:\/\/kozelafrikahoz.hu\/en\/wp-json\/wp\/v2\/posts\/528\/revisions\/4195"}],"wp:featuredmedia":[{"embeddable":true,"href":"https:\/\/kozelafrikahoz.hu\/en\/wp-json\/wp\/v2\/media\/529"}],"wp:attachment":[{"href":"https:\/\/kozelafrikahoz.hu\/en\/wp-json\/wp\/v2\/media?parent=528"}],"wp:term":[{"taxonomy":"category","embeddable":true,"href":"https:\/\/kozelafrikahoz.hu\/en\/wp-json\/wp\/v2\/categories?post=528"},{"taxonomy":"post_tag","embeddable":true,"href":"https:\/\/kozelafrikahoz.hu\/en\/wp-json\/wp\/v2\/tags?post=528"}],"curies":[{"name":"wp","href":"https:\/\/api.w.org\/{rel}","templated":true}]}}