{"id":3953,"date":"2025-05-15T11:50:20","date_gmt":"2025-05-15T09:50:20","guid":{"rendered":"https:\/\/kozelafrikahoz.hu\/?p=3953"},"modified":"2025-05-15T11:50:21","modified_gmt":"2025-05-15T09:50:21","slug":"social-media-gyakornokot-keresunk","status":"publish","type":"post","link":"https:\/\/kozelafrikahoz.hu\/en\/social-media-gyakornokot-keresunk\/","title":{"rendered":"We are looking for a Social Media Intern!"},"content":{"rendered":"\n<p class=\"wp-block-paragraph\">\u00c9rdekel Afrika, \u00e9s nem ijedsz meg a kreat\u00edv feladatokt\u00f3l? Szeretsz kreat\u00edvan fot\u00f3zni, storyzni, posztot \u00edrni? Sz\u00edvesen seg\u00edten\u00e9l abban, hogy egy j\u00f3 \u00fcgy min\u00e9l t\u00f6bb emberhez eljusson? Akkor olvass tov\u00e1bb, ez a hirdet\u00e9s Neked sz\u00f3l!<\/p>\n\n\n\n<p class=\"wp-block-paragraph\">A&nbsp;<a rel=\"noreferrer noopener\" target=\"_blank\" href=\"https:\/\/www.facebook.com\/kozelafrikahoz?__cft__[0]=AZU3Qrw9BDCJVLEWj7UFjIoHhUB56rDwZEhJcDOH6oGJp3-1gfgwTCieFFEjF7k-cy8nU6T3ZlyhEeAwVtu_dSsbGQSz0zuZCxbI9tz1_O8xUb6GLSxJzmZtY_LHigtgCr-M5Sz67LwhmzDocDKr03vomUqa1dF8jc9VAaUTIcaRH83fs4HqQQ9qhiWxsWubAQA&amp;__tn__=-]K-R\">K\u00f6zel Afrik\u00e1hoz\/Close to Africa<\/a>&nbsp;\u00e9s t\u00e1rsadalmi v\u00e1llalkoz\u00e1sa, a&nbsp;<a rel=\"noreferrer noopener\" target=\"_blank\" href=\"https:\/\/www.facebook.com\/hintofafricafashion?__cft__[0]=AZU3Qrw9BDCJVLEWj7UFjIoHhUB56rDwZEhJcDOH6oGJp3-1gfgwTCieFFEjF7k-cy8nU6T3ZlyhEeAwVtu_dSsbGQSz0zuZCxbI9tz1_O8xUb6GLSxJzmZtY_LHigtgCr-M5Sz67LwhmzDocDKr03vomUqa1dF8jc9VAaUTIcaRH83fs4HqQQ9qhiWxsWubAQA&amp;__tn__=-]K-R\">Hint of Africa &#8211; Egy csipetnyi Afrika<\/a>&nbsp;social media gyakornokot keres!<\/p>\n\n\n\n<p class=\"wp-block-paragraph\">Feladataid lesznek:<\/p>\n\n\n\n<p class=\"wp-block-paragraph\">* Fot\u00f3k \u00e9s vide\u00f3k k\u00e9sz\u00edt\u00e9se a mindennapjainkr\u00f3l \u00e9s esem\u00e9nyeinkr\u0151l&nbsp;<img loading=\"lazy\" decoding=\"async\" alt=\"\ud83d\udcf7\" width=\"16\" height=\"16\" src=\"https:\/\/static.xx.fbcdn.net\/images\/emoji.php\/v9\/t5d\/1\/16\/1f4f7.png\"><\/p>\n\n\n\n<p class=\"wp-block-paragraph\">* Posztok \u00edr\u00e1sa, kreat\u00edv tartalomgy\u00e1rt\u00e1s (Instagram, Facebook, TikTok)&nbsp;<img loading=\"lazy\" decoding=\"async\" alt=\"\ud83e\uddd1\u200d\ud83d\udcbb\" width=\"16\" height=\"16\" src=\"https:\/\/static.xx.fbcdn.net\/images\/emoji.php\/v9\/tc9\/1\/16\/1f9d1_200d_1f4bb.png\"><\/p>\n\n\n\n<p class=\"wp-block-paragraph\">* R\u00e9szv\u00e9tel az alap\u00edtv\u00e1ny \u00e9let\u00e9ben, m\u0171helymunk\u00e1kban, programokon&nbsp;<img loading=\"lazy\" decoding=\"async\" alt=\"\ud83c\udf0e\" width=\"16\" height=\"16\" src=\"https:\/\/static.xx.fbcdn.net\/images\/emoji.php\/v9\/tc0\/1\/16\/1f30e.png\"><\/p>\n\n\n\n<p class=\"wp-block-paragraph\">* Tud\u00f3s\u00edt\u00e1s esem\u00e9nyekr\u0151l \u2013 s\u0151t, ak\u00e1r afrikai utaz\u00e1sokr\u00f3l is!&nbsp;<img loading=\"lazy\" decoding=\"async\" alt=\"\ud83d\udcf9\" width=\"16\" height=\"16\" src=\"https:\/\/static.xx.fbcdn.net\/images\/emoji.php\/v9\/t5f\/1\/16\/1f4f9.png\"><\/p>\n\n\n\n<p class=\"wp-block-paragraph\">T\u00e9ged keres\u00fcnk, ha:<\/p>\n\n\n\n<p class=\"wp-block-paragraph\">&#8211; Kreat\u00edv vagy \u00e9s tele vagy \u00f6tletekkel&nbsp;<img loading=\"lazy\" decoding=\"async\" alt=\"\ud83d\udcac\" width=\"16\" height=\"16\" src=\"https:\/\/static.xx.fbcdn.net\/images\/emoji.php\/v9\/t6e\/1\/16\/1f4ac.png\"><\/p>\n\n\n\n<p class=\"wp-block-paragraph\">&#8211; J\u00f3l tudsz csapatban dolgozni, de ha kell \u00f6n\u00e1ll\u00f3an is&nbsp;<img loading=\"lazy\" decoding=\"async\" alt=\"\ud83e\udd1d\" width=\"16\" height=\"16\" src=\"https:\/\/static.xx.fbcdn.net\/images\/emoji.php\/v9\/t64\/1\/16\/1f91d.png\"><\/p>\n\n\n\n<p class=\"wp-block-paragraph\">&#8211; Proakt\u00edv, lelkes \u00e9s nyitott vagy \u2013 nem baj, ha nem vagy profi, a lelkesed\u00e9s, hozz\u00e1\u00e9rt\u00e9s \u00e9s az \u00e9rt\u00e9keinkkel val\u00f3 azonosul\u00e1s a legfontosabb&nbsp;<img loading=\"lazy\" decoding=\"async\" alt=\"\u2728\" width=\"16\" height=\"16\" src=\"https:\/\/static.xx.fbcdn.net\/images\/emoji.php\/v9\/tf4\/1\/16\/2728.png\"><\/p>\n\n\n\n<p class=\"wp-block-paragraph\">Sz\u00edvesen l\u00e1tunk akkor is, ha di\u00e1k vagy\u2013 ez egy tanul\u00e1si lehet\u0151s\u00e9g is!<\/p>\n\n\n\n<p class=\"wp-block-paragraph\">Amit ny\u00fajtani tudunk:<\/p>\n\n\n\n<p class=\"wp-block-paragraph\">&#8211; kiv\u00e1l\u00f3 tanul\u00e1si lehet\u0151s\u00e9g<\/p>\n\n\n\n<p class=\"wp-block-paragraph\">&#8211; egy j\u00f3 \u00fcgy t\u00e1mogat\u00e1sa<\/p>\n\n\n\n<p class=\"wp-block-paragraph\">&#8211; a munka nagy r\u00e9sze otthonr\u00f3l is v\u00e9gezhet\u0151, rugalmas id\u0151beoszt\u00e1ssal<\/p>\n\n\n\n<p class=\"wp-block-paragraph\">&#8211; R\u00e9szv\u00e9teli lehet\u0151s\u00e9g egy afrikai utunkon, hossz\u00fat\u00e1v\u00fa elk\u00f6telez\u0151d\u00e9s eset\u00e9n<\/p>\n\n\n\n<p class=\"wp-block-paragraph\">&#8211; Egy j\u00f3 csapat, sok \u00e9lm\u00e9ny \u00e9s \u00e9rt\u00e9kes kapcsol\u00f3d\u00e1s<\/p>\n\n\n\n<p class=\"wp-block-paragraph\">&#8211; Az \u00e9rz\u00e9s, hogy itt sz\u00e1m\u00edtasz !<\/p>\n\n\n\n<p class=\"wp-block-paragraph\"><img loading=\"lazy\" decoding=\"async\" alt=\"\u203c\ufe0f\" width=\"16\" height=\"16\" src=\"https:\/\/static.xx.fbcdn.net\/images\/emoji.php\/v9\/t77\/1\/16\/203c.png\">FONTOS<img loading=\"lazy\" decoding=\"async\" alt=\"\u203c\ufe0f\" width=\"16\" height=\"16\" src=\"https:\/\/static.xx.fbcdn.net\/images\/emoji.php\/v9\/t77\/1\/16\/203c.png\">:<\/p>\n\n\n\n<p class=\"wp-block-paragraph\">-3 h\u00f3napos pr\u00f3baid\u0151t k\u00e9r\u00fcnk \u00f6nk\u00e9ntes alapon, ahol megismerhetj\u00fck egym\u00e1st<\/p>\n\n\n\n<p class=\"wp-block-paragraph\">-ha k\u00f6lcs\u00f6n\u00f6sen \u00fagy \u00e9rezz\u00fck, hogy hosszabb t\u00e1von is sz\u00edvesen dolgozn\u00e1nk egy\u00fctt, lehet\u0151s\u00e9g lesz a felt\u00e9telek \u00fajragondol\u00e1s\u00e1ra (j\u00f6vedelem \u00e9s\/vagy afrikai utaz\u00e1s)<\/p>\n\n\n\n<p class=\"wp-block-paragraph\">Jelentkez\u00e9s:<\/p>\n\n\n\n<p class=\"wp-block-paragraph\">Ha magadra ismert\u00e9l, \u00edrj nek\u00fcnk egy r\u00f6vid bemutatkoz\u00e1st + csatolj p\u00e1r kor\u00e1bbi posztodat, fot\u00f3dat, b\u00e1rmit, ami megmutatja, hogyan gondolkodsz.<\/p>\n\n\n\n<figure class=\"wp-block-image\"><img decoding=\"async\" src=\"https:\/\/static.xx.fbcdn.net\/images\/emoji.php\/v9\/tc0\/1\/16\/1f4e9.png\" alt=\"\ud83d\udce9\"\/><\/figure>\n\n\n\n<figure class=\"wp-block-image\"><img decoding=\"async\" src=\"https:\/\/static.xx.fbcdn.net\/images\/emoji.php\/v9\/t20\/1\/16\/2b07.png\" alt=\"\u2b07\ufe0f\"\/><\/figure>\n\n\n\n<p class=\"wp-block-paragraph\"><a href=\"mailto:info@kozelafrikahoz.hu\">info@kozelafrikahoz.hu<\/a><\/p>\n","protected":false},"excerpt":{"rendered":"<p>\u00c9rdekel Afrika, \u00e9s nem ijedsz meg a kreat\u00edv feladatokt\u00f3l? Szeretsz kreat\u00edvan fot\u00f3zni, storyzni, posztot \u00edrni? Sz\u00edvesen seg\u00edten\u00e9l abban, hogy egy j\u00f3 \u00fcgy min\u00e9l t\u00f6bb emberhez eljusson? Akkor olvass tov\u00e1bb, ez a hirdet\u00e9s Neked sz\u00f3l! A&nbsp;K\u00f6zel Afrik\u00e1hoz\/Close to Africa&nbsp;\u00e9s t\u00e1rsadalmi v\u00e1llalkoz\u00e1sa, a&nbsp;Hint of Africa &#8211; Egy csipetnyi Afrika&nbsp;social media gyakornokot keres! Feladataid lesznek: * Fot\u00f3k \u00e9s [&hellip;]<\/p>\n","protected":false},"author":3,"featured_media":3954,"comment_status":"closed","ping_status":"closed","sticky":false,"template":"","format":"standard","meta":{"_et_pb_use_builder":"off","_et_pb_old_content":"","_et_gb_content_width":"","footnotes":""},"categories":[7],"tags":[],"class_list":["post-3953","post","type-post","status-publish","format-standard","has-post-thumbnail","hentry","category-mi-ujsag"],"_links":{"self":[{"href":"https:\/\/kozelafrikahoz.hu\/en\/wp-json\/wp\/v2\/posts\/3953","targetHints":{"allow":["GET"]}}],"collection":[{"href":"https:\/\/kozelafrikahoz.hu\/en\/wp-json\/wp\/v2\/posts"}],"about":[{"href":"https:\/\/kozelafrikahoz.hu\/en\/wp-json\/wp\/v2\/types\/post"}],"author":[{"embeddable":true,"href":"https:\/\/kozelafrikahoz.hu\/en\/wp-json\/wp\/v2\/users\/3"}],"replies":[{"embeddable":true,"href":"https:\/\/kozelafrikahoz.hu\/en\/wp-json\/wp\/v2\/comments?post=3953"}],"version-history":[{"count":1,"href":"https:\/\/kozelafrikahoz.hu\/en\/wp-json\/wp\/v2\/posts\/3953\/revisions"}],"predecessor-version":[{"id":3955,"href":"https:\/\/kozelafrikahoz.hu\/en\/wp-json\/wp\/v2\/posts\/3953\/revisions\/3955"}],"wp:featuredmedia":[{"embeddable":true,"href":"https:\/\/kozelafrikahoz.hu\/en\/wp-json\/wp\/v2\/media\/3954"}],"wp:attachment":[{"href":"https:\/\/kozelafrikahoz.hu\/en\/wp-json\/wp\/v2\/media?parent=3953"}],"wp:term":[{"taxonomy":"category","embeddable":true,"href":"https:\/\/kozelafrikahoz.hu\/en\/wp-json\/wp\/v2\/categories?post=3953"},{"taxonomy":"post_tag","embeddable":true,"href":"https:\/\/kozelafrikahoz.hu\/en\/wp-json\/wp\/v2\/tags?post=3953"}],"curies":[{"name":"wp","href":"https:\/\/api.w.org\/{rel}","templated":true}]}}