{"id":3893,"date":"2025-05-13T14:45:33","date_gmt":"2025-05-13T12:45:33","guid":{"rendered":"https:\/\/kozelafrikahoz.hu\/?p=3893"},"modified":"2025-06-05T13:36:39","modified_gmt":"2025-06-05T11:36:39","slug":"lanyok-ugye-kampany-karafiath-orsolyaval","status":"publish","type":"post","link":"https:\/\/kozelafrikahoz.hu\/en\/lanyok-ugye-kampany-karafiath-orsolyaval\/","title":{"rendered":"Girls' Cause campaign with Orsolya Karafi\u00e1th"},"content":{"rendered":"\n[et_pb_section fb_built=&#8221;1&#8243; admin_label=&#8221;section&#8221; _builder_version=&#8221;4.16&#8243; global_colors_info=&#8221;{}&#8221; theme_builder_area=&#8221;post_content&#8221;][et_pb_row admin_label=&#8221;row&#8221; _builder_version=&#8221;4.16&#8243; background_size=&#8221;initial&#8221; background_position=&#8221;top_left&#8221; background_repeat=&#8221;repeat&#8221; global_colors_info=&#8221;{}&#8221; theme_builder_area=&#8221;post_content&#8221;][et_pb_column type=&#8221;4_4&#8243; _builder_version=&#8221;4.16&#8243; custom_padding=&#8221;|||&#8221; global_colors_info=&#8221;{}&#8221; custom_padding__hover=&#8221;|||&#8221; theme_builder_area=&#8221;post_content&#8221;][et_pb_text admin_label=&#8221;Text&#8221; _builder_version=&#8221;4.21.0&#8243; background_size=&#8221;initial&#8221; background_position=&#8221;top_left&#8221; background_repeat=&#8221;repeat&#8221; hover_enabled=&#8221;0&#8243; global_colors_info=&#8221;{}&#8221; theme_builder_area=&#8221;post_content&#8221; sticky_enabled=&#8221;0&#8243;]<h1>L\u00e1nyok \u00fcgye kamp\u00e1ny Karafi\u00e1th Orsoly\u00e1val<\/h1>\n<p><!-- divi:paragraph -->A l\u00e1nyok \u00fcgye, avagy a n\u0151i nemiszerv-csonk\u00edt\u00e1s elleni k\u00fczdelem \u00e9vek \u00f3ta fut\u00f3 fontos projekt\u00fcnk, amiben most \u00e9rt\u00fcnk el az utols\u00f3 f\u00e1zishoz, \u00e9s ebben a House of Hope is szerepet j\u00e1tszik. Most indul\u00f3 kamp\u00e1nyunk c\u00e9lja, hogy elind\u00edthassunk egy k\u00e9pz\u00e9st a House of Hope-ban, ahol mali fiatalok a v\u00e1ltoz\u00e1s hangjai lesznek, hirdetik \u00e9s terjeszik a saj\u00e1t k\u00f6z\u00f6ss\u00e9geikben \u00e9s a Sansfil negyedben, hogy elj\u00e1rt az id\u0151 a n\u0151i nemiszerv-csonk\u00edt\u00e1s k\u00e1ros hagyom\u00e1nya felett. A n\u0151i nemiszerv-csonk\u00edt\u00e1st Eur\u00f3pai Uni\u00f3 2020-ban az egyik legs\u00falyosabb emberi jogi s\u00e9rt\u00e9snek nevezte a vil\u00e1gon.<\/p>\n<p><!-- \/divi:paragraph --><\/p>\n<p><!-- divi:paragraph -->B\u00e1r \u00fagy t\u0171nhet, hogy ez az \u00fcgy minket Magyarorsz\u00e1gon kev\u00e9ss\u00e9 \u00e9rint, val\u00f3j\u00e1ban fontos, hogy ebb\u0151l a kiv\u00e1lts\u00e1gos poz\u00edci\u00f3bol tegy\u00fcnk az\u00e9rt a glob\u00e1lisan 200 milli\u00f3 l\u00e1ny\u00e9rt \u00e9s n\u0151\u00e9rt, akiket ez \u00e9rint, \u00e9s akik k\u00f6z\u00fcl sokan nincsenek abban a helyzetben, hogy ki\u00e1lljanak maguk\u00e9rt.<\/p>\n<p><!-- \/divi:paragraph --><\/p>\n<p><!-- divi:paragraph -->Az \u00fcgyben nagyk\u00f6vetk\u00e9nt mell\u00e9nk \u00e1llt az ismert \u00edr\u00f3 Karafi\u00e1th Orsolya is, a vele val\u00f3 besz\u00e9lget\u00e9st megtal\u00e1lj\u00e1tok az instagram oldalunkon \u00e9s a <a href=\"https:\/\/www.facebook.com\/hintofafricafashion?__cft__[0]=AZUOKUe0OgV50vOTvCi4-q4XecrqFZklnT__hwIRygA4gbl8cRnWSkuW_69NnOjORc4aRdPOhFPHomcC-VS4guHVDU-C0p9mCv0JF0r-rWjRyBfZIa9Zi74ywLT1OEGqr_IjVP47gx2IL-IcL--jDS6w&amp;__tn__=-]K-R\" target=\"_blank\" rel=\"noreferrer noopener\">Hint of Africa &#8211; Egy csipetnyi Afrika<\/a> oldalon is.<\/p>\n<p><!-- \/divi:paragraph --><\/p>\n<p><!-- divi:paragraph -->K\u00f6sz\u00f6nj\u00fck, ha t\u00e1mogatj\u00e1tok a l\u00e1nyok \u00fcgy\u00e9t egy k\u00e1v\u00e9 \u00e1r\u00e1val, ezt ezen a linken teheted meg: <a href=\"http:\/\/pay.sumup.com\/b2c\/QSJNXU0B\" title=\"\">http:\/\/pay.sumup.com\/b2c\/QSJNXU0B<\/a><\/p>\n<p><!-- \/divi:paragraph --><\/p>[\/et_pb_text][\/et_pb_column][\/et_pb_row][\/et_pb_section]\n","protected":false},"excerpt":{"rendered":"<p>\u201cThe cause of the girls, or the fight against female genital mutilation, is an important ongoing project of ours that has now reached its final phase, in which the House of Hope also plays a role. The goal of our newly launched campaign is to\u2026\u201d<\/p>","protected":false},"author":3,"featured_media":3894,"comment_status":"closed","ping_status":"closed","sticky":false,"template":"","format":"standard","meta":{"_et_pb_use_builder":"on","_et_pb_old_content":"<!-- wp:paragraph -->\n<p>A l\u00e1nyok \u00fcgye, avagy a n\u0151i nemiszerv-csonk\u00edt\u00e1s elleni k\u00fczdelem \u00e9vek \u00f3ta fut\u00f3 fontos projekt\u00fcnk, amiben most \u00e9rt\u00fcnk el az utols\u00f3 f\u00e1zishoz, \u00e9s ebben a House of Hope is szerepet j\u00e1tszik. Most indul\u00f3 kamp\u00e1nyunk c\u00e9lja, hogy elind\u00edthassunk egy k\u00e9pz\u00e9st a House of Hope-ban, ahol mali fiatalok a v\u00e1ltoz\u00e1s hangjai lesznek, hirdetik \u00e9s terjeszik a saj\u00e1t k\u00f6z\u00f6ss\u00e9geikben \u00e9s a Sansfil negyedben, hogy elj\u00e1rt az id\u0151 a n\u0151i nemiszerv-csonk\u00edt\u00e1s k\u00e1ros hagyom\u00e1nya felett. A n\u0151i nemiszerv-csonk\u00edt\u00e1st Eur\u00f3pai Uni\u00f3 2020-ban az egyik legs\u00falyosabb emberi jogi s\u00e9rt\u00e9snek nevezte a vil\u00e1gon.<\/p>\n<!-- \/wp:paragraph -->\n\n<!-- wp:paragraph -->\n<p>B\u00e1r \u00fagy t\u0171nhet, hogy ez az \u00fcgy minket Magyarorsz\u00e1gon kev\u00e9ss\u00e9 \u00e9rint, val\u00f3j\u00e1ban fontos, hogy ebb\u0151l a kiv\u00e1lts\u00e1gos poz\u00edci\u00f3bol tegy\u00fcnk az\u00e9rt a glob\u00e1lisan 200 milli\u00f3 l\u00e1ny\u00e9rt \u00e9s n\u0151\u00e9rt, akiket ez \u00e9rint, \u00e9s akik k\u00f6z\u00fcl sokan nincsenek abban a helyzetben, hogy ki\u00e1lljanak maguk\u00e9rt.<\/p>\n<!-- \/wp:paragraph -->\n\n<!-- wp:paragraph -->\n<p>Az \u00fcgyben nagyk\u00f6vetk\u00e9nt mell\u00e9nk \u00e1llt az ismert \u00edr\u00f3 Karafi\u00e1th Orsolya is, a vele val\u00f3 besz\u00e9lget\u00e9st megtal\u00e1lj\u00e1tok az instagram oldalunkon \u00e9s a <a href=\"https:\/\/www.facebook.com\/hintofafricafashion?__cft__[0]=AZUOKUe0OgV50vOTvCi4-q4XecrqFZklnT__hwIRygA4gbl8cRnWSkuW_69NnOjORc4aRdPOhFPHomcC-VS4guHVDU-C0p9mCv0JF0r-rWjRyBfZIa9Zi74ywLT1OEGqr_IjVP47gx2IL-IcL--jDS6w&amp;__tn__=-]K-R\" target=\"_blank\" rel=\"noreferrer noopener\">Hint of Africa - Egy csipetnyi Afrika<\/a> oldalon is.<\/p>\n<!-- \/wp:paragraph -->\n\n<!-- wp:paragraph -->\n<p>K\u00f6sz\u00f6nj\u00fck, ha t\u00e1mogatj\u00e1tok a l\u00e1nyok \u00fcgy\u00e9t egy k\u00e1v\u00e9 \u00e1r\u00e1val, ezt ezen a linken teheted meg: <a href=\"http:\/\/pay.sumup.com\/b2c\/QSJNXU0B\" title=\"\">http:\/\/pay.sumup.com\/b2c\/QSJNXU0B<\/a><\/p>\n<!-- \/wp:paragraph -->","_et_gb_content_width":"","footnotes":""},"categories":[39,7,28],"tags":[],"class_list":["post-3893","post","type-post","status-publish","format-standard","has-post-thumbnail","hentry","category-lanyok-ugye","category-mi-ujsag","category-tamogathato-programok"],"_links":{"self":[{"href":"https:\/\/kozelafrikahoz.hu\/en\/wp-json\/wp\/v2\/posts\/3893","targetHints":{"allow":["GET"]}}],"collection":[{"href":"https:\/\/kozelafrikahoz.hu\/en\/wp-json\/wp\/v2\/posts"}],"about":[{"href":"https:\/\/kozelafrikahoz.hu\/en\/wp-json\/wp\/v2\/types\/post"}],"author":[{"embeddable":true,"href":"https:\/\/kozelafrikahoz.hu\/en\/wp-json\/wp\/v2\/users\/3"}],"replies":[{"embeddable":true,"href":"https:\/\/kozelafrikahoz.hu\/en\/wp-json\/wp\/v2\/comments?post=3893"}],"version-history":[{"count":5,"href":"https:\/\/kozelafrikahoz.hu\/en\/wp-json\/wp\/v2\/posts\/3893\/revisions"}],"predecessor-version":[{"id":4258,"href":"https:\/\/kozelafrikahoz.hu\/en\/wp-json\/wp\/v2\/posts\/3893\/revisions\/4258"}],"wp:featuredmedia":[{"embeddable":true,"href":"https:\/\/kozelafrikahoz.hu\/en\/wp-json\/wp\/v2\/media\/3894"}],"wp:attachment":[{"href":"https:\/\/kozelafrikahoz.hu\/en\/wp-json\/wp\/v2\/media?parent=3893"}],"wp:term":[{"taxonomy":"category","embeddable":true,"href":"https:\/\/kozelafrikahoz.hu\/en\/wp-json\/wp\/v2\/categories?post=3893"},{"taxonomy":"post_tag","embeddable":true,"href":"https:\/\/kozelafrikahoz.hu\/en\/wp-json\/wp\/v2\/tags?post=3893"}],"curies":[{"name":"wp","href":"https:\/\/api.w.org\/{rel}","templated":true}]}}