{"id":3244,"date":"2024-05-02T15:23:48","date_gmt":"2024-05-02T13:23:48","guid":{"rendered":"https:\/\/kozelafrikahoz.hu\/?p=3244"},"modified":"2025-06-19T11:53:11","modified_gmt":"2025-06-19T09:53:11","slug":"university-fund-rwanda","status":"publish","type":"post","link":"https:\/\/kozelafrikahoz.hu\/en\/university-fund-rwanda\/","title":{"rendered":"University Fund Rwanda\u00a0"},"content":{"rendered":"<p>[et_pb_section fb_built=&#8221;1&#8243; admin_label=&#8221;section&#8221; _builder_version=&#8221;4.16&#8243; min_height=&#8221;4608.7px&#8221; global_colors_info=&#8221;{}&#8221; theme_builder_area=&#8221;post_content&#8221;][et_pb_row admin_label=&#8221;row&#8221; _builder_version=&#8221;4.21.0&#8243; background_size=&#8221;initial&#8221; background_position=&#8221;top_left&#8221; background_repeat=&#8221;repeat&#8221; width=&#8221;100%&#8221; custom_padding=&#8221;8px|||||&#8221; global_colors_info=&#8221;{}&#8221; theme_builder_area=&#8221;post_content&#8221;][et_pb_column type=&#8221;4_4&#8243; _builder_version=&#8221;4.16&#8243; custom_padding=&#8221;|||&#8221; global_colors_info=&#8221;{}&#8221; custom_padding__hover=&#8221;|||&#8221; theme_builder_area=&#8221;post_content&#8221;][et_pb_text admin_label=&#8221;Text&#8221; _builder_version=&#8221;4.21.0&#8243; background_size=&#8221;initial&#8221; background_position=&#8221;top_left&#8221; background_repeat=&#8221;repeat&#8221; hover_enabled=&#8221;0&#8243; global_colors_info=&#8221;{}&#8221; theme_builder_area=&#8221;post_content&#8221; sticky_enabled=&#8221;0&#8243;]<\/p>\n<h1 style=\"text-align: center;\"><\/h1>\n<h1 style=\"text-align: center;\">K\u00f6zel Afrik\u00e1hoz Alap\u00edtv\u00e1ny &#8222;Excellence \u00d6szt\u00f6nd\u00edj&#8221; &#8211; Ruanda<!-- divi:paragraph {\"align\":\"center\"} --><\/h1>\n<p class=\"has-text-align-center\"><strong><\/strong><\/p>\n<p class=\"has-text-align-center\"><strong>Mir\u0151l is sz\u00f3l a K\u00f6zel Afrik\u00e1hoz Alap\u00edtv\u00e1ny \u201eExcellence \u00d6szt\u00f6nd\u00edj\u201d?\u00a0<\/strong><\/p>\n<p class=\"has-text-align-center\"><strong><\/strong><!-- divi:paragraph {\"align\":\"left\"} -->Az Excellence \u00d6szt\u00f6nd\u00edjra azok a ruandai fiatalok p\u00e1ly\u00e1zhatnak, akik partneriskol\u00e1inkban kiv\u00e1l\u00f3\u00a0 \u00e9retts\u00e9gi eredm\u00e9nnyel v\u00e9geznek, de szoci\u00e1lis k\u00f6r\u00fclm\u00e9nyeik miatt nincs lehet\u0151s\u00e9g\u00fck egyetemi tov\u00e1bbtanul\u00e1sra. C\u00e9lunk, hogy ezek a tehets\u00e9ges fiatalok ki tudjanak l\u00e9pni a t\u00fal\u00e9l\u00e9s\u00e9rt v\u00e9gzett f\u00f6ldm\u0171vel\u00e9sb\u0151l \u00e9s olyan szakm\u00e1t tudjanak elsaj\u00e1t\u00edtani, amivel nemcsak \u00f6nmagukat, hanem k\u00f6z\u00f6ss\u00e9g\u00fcket is seg\u00edtik.<\/p>\n<p class=\"has-text-align-center\"><!-- divi:paragraph {\"align\":\"center\"} --><strong>Milyen a fels\u0151oktat\u00e1s helyzete Ruand\u00e1ban?<\/strong>\u00a0<!-- \/divi:paragraph --> <!-- \/divi:paragraph --><\/p>\n<p class=\"has-text-align-center\">Ruand\u00e1ban az egyetemek nem ingyenesek. A korm\u00e1ny n\u00e9h\u00e1ny nagyon j\u00f3 eredm\u00e9nnyel v\u00e9gzett di\u00e1knak di\u00e1khitelt biztos\u00edt, ami az egyetemi tand\u00edjat fedezi. Sok tehets\u00e9ges di\u00e1k nem tud azonban \u00e9lni a tov\u00e1bbtanul\u00e1s lehet\u0151s\u00e9g\u00e9vel, mert nincs es\u00e9lye a meg\u00e9lhet\u00e9si k\u00f6lts\u00e9gek el\u0151teremt\u00e9s\u00e9re, \u00edgy benne ragad a napr\u00f3l napra v\u00e9gzett t\u00fal\u00e9l\u0151 f\u00f6ldm\u0171vel\u00e9sbe. Az \u00e1ltalunk ismert \u00e9s t\u00e1mogatott di\u00e1kokat szeretn\u00e9nk seg\u00edteni, hogy fels\u0151fok\u00fa oktat\u00e1shoz jutva, hivat\u00e1st tal\u00e1ljanak \u00e9s ez\u00e1ltal ki tudjanak emelkedni k\u00f6rnyezet\u00fckb\u0151l.<\/p>\n<p class=\"has-text-align-center\"><strong>Milyen tev\u00e9kenys\u00e9get folytat a\u00a0K\u00f6zel Afrik\u00e1hoz Alap\u00edtv\u00e1ny Ruand\u00e1ban?<\/strong><\/p>\n<p class=\"has-text-align-center\"><!-- \/divi:paragraph -->Az alap\u00edtv\u00e1ny n\u00e9gy vid\u00e9ki helysz\u00ednen, a gyermekt\u00e1mogat\u00e1si programj\u00e1n kereszt\u00fcl k\u00f6zel nyolcvan gyermeknek biztos\u00edt tanul\u00e1si lehet\u0151s\u00e9g\u00e9t, iskol\u00e1ba j\u00e1r\u00e1st. A program l\u00e9nyege, hogy nem p\u00e9nzt oszt, hanem befizeti a gyerek k\u00f6telez\u0151 k\u00f6lts\u00e9geit az iskol\u00e1ba, \u00edgy biztos\u00edtva oktat\u00e1sukat. Az \u00e9retts\u00e9giig ezek a k\u00f6lts\u00e9gek havi n\u00e9h\u00e1ny ezer forintb\u00f3l megoldhat\u00f3ak, amit mag\u00e1nt\u00e1mogat\u00f3k fizetnek egy-egy gyermeknek. Az egyetemi k\u00f6lts\u00e9gek azonban a di\u00e1k m\u00e1sik v\u00e1rosba k\u00f6lt\u00f6z\u00e9se miatt, jelent\u0151sen megn\u0151nek, ez\u00e9rt v\u00e1lik sz\u00fcks\u00e9gess\u00e9 egy alap l\u00e9trehoz\u00e1sa.<\/p>\n<p class=\"has-text-align-center\">Az \u00e9retts\u00e9gi kor\u00fa fiatalokat alap\u00edtv\u00e1nyunk mentor\u00e1l\u00e1ssal is seg\u00edti, ami \u00e9pp olyan fontosnak bizonyul, mint az anyagi t\u00e1mogat\u00e1s. A mentor\u00e1l\u00e1s a felv\u00e9teli folyamaton \u00e9s az egyetemi \u00e9veken kereszt\u00fcl is tarthat.<\/p>\n<p class=\"has-text-align-center\"><!-- \/divi:paragraph --><strong>Mit kell tudni az \u00f6szt\u00f6nd\u00edjr\u00f3l?<\/strong><\/p>\n<p class=\"has-text-align-center\">Az \u00f6szt\u00f6nd\u00edj oda\u00edt\u00e9l\u00e9s\u00e9t egy kurat\u00f3rium d\u00f6nti el a partneriskol\u00e1inkb\u00f3l \u00e9rkez\u0151 jelentkez\u00e9sek alapj\u00e1n. Az \u00f6szt\u00f6nd\u00edj els\u0151sorban, azok k\u00f6z\u00f6tt a di\u00e1kok k\u00f6z\u00f6tt lesz meghirdetve, akik r\u00e9szt vettek gyermekt\u00e1mogat\u00e1si programunkban.\u00a0 A di\u00e1kok szerz\u0151d\u00e9st k\u00f6tnek az alap\u00edtv\u00e1nnyal, melyben elk\u00f6telez\u0151dnek, hogy tanulm\u00e1nyaik idej\u00e9n nem v\u00e1llalnak gyermeket \u00e9s a\u00a0meghat\u00e1rozott minimum tanulm\u00e1nyi k\u00f6vetelm\u00e9nyeknek megfelelnek.\u00a0Az els\u0151 \u00e9vben h\u00e1rom \u00f6szt\u00f6nd\u00edjas di\u00e1k t\u00e1mogat\u00e1s\u00e1t t\u0171zt\u00fck ki c\u00e9lul.<\/p>\n<p class=\"has-text-align-center\"><!-- \/divi:paragraph --><strong>Hogyan t\u00f6rt\u00e9nik a t\u00e1mogat\u00f3k sz\u00e1m\u00e1ra a visszacsatol\u00e1s?<\/strong><\/p>\n<p class=\"has-text-align-center\">Az alap\u00edtv\u00e1ny \u00e9vente k\u00e9tszer besz\u00e1mol\u00f3t k\u00fcld a t\u00e1mogatott egyetemi di\u00e1kokr\u00f3l: bizony\u00edtv\u00e1ny, fot\u00f3k, h\u00edrek.<\/p>\n<p class=\"has-text-align-center\"><strong>Kiknek a t\u00e1mogat\u00e1s\u00e1ra sz\u00e1m\u00edtunk?<\/strong><\/p>\n<p class=\"has-text-align-center\">Az alap fel\u00e9p\u00edt\u00e9s\u00e9hez c\u00e9ges \u00e9s mag\u00e1n t\u00e1mogat\u00f3k befizet\u00e9seire sz\u00e1m\u00edtunk. C\u00e9ges t\u00e1mogat\u00f3kkal ig\u00e9ny szerint t\u00e1mogat\u00e1si szerz\u0151d\u00e9st k\u00f6t\u00fcnk. Alap\u00edtv\u00e1nyunk k\u00f6zhaszn\u00fa, a fel\u00e9nk tett befizet\u00e9sek k\u00f6lts\u00e9gk\u00e9nt le\u00edrhat\u00f3k \u00e9s a t\u00e1rsadalmi felel\u0151ss\u00e9gv\u00e1llal\u00e1s r\u00e9szek\u00e9nt megjelen\u00edthet\u0151ek.<\/p>\n<figure class=\"wp-block-image aligncenter size-large is-resized\"><img loading=\"lazy\" decoding=\"async\" src=\"https:\/\/kozelafrikahoz.hu\/wp-content\/uploads\/2024\/05\/claud-1024x541.jpg\" alt=\"\" class=\"wp-image-3255\" width=\"809\" height=\"427\" style=\"display: block; margin-left: auto; margin-right: auto;\" \/><\/figure>\n<figure class=\"wp-block-image aligncenter size-large is-resized\"><img loading=\"lazy\" decoding=\"async\" src=\"https:\/\/kozelafrikahoz.hu\/wp-content\/uploads\/2024\/05\/hussein-1024x485.jpg\" alt=\"\" class=\"wp-image-3250\" width=\"813\" height=\"384\" style=\"display: block; margin-left: auto; margin-right: auto;\" \/><\/figure>\n<figure class=\"wp-block-image aligncenter size-large is-resized\"><img loading=\"lazy\" decoding=\"async\" src=\"https:\/\/kozelafrikahoz.hu\/wp-content\/uploads\/2024\/05\/emmanuel-1-1024x540.jpg\" alt=\"\" class=\"wp-image-3262\" width=\"823\" height=\"435\" style=\"display: block; margin-left: auto; margin-right: auto;\" \/><\/figure>\n<h1 style=\"text-align: center;\"><strong>Excellence \u00d6szt\u00f6nd\u00edj &#8211; Mali<\/strong><\/h1>\n<p class=\"has-text-align-center\"><span data-contrast=\"auto\" xml:lang=\"HU-HU\" lang=\"HU-HU\" class=\"TextRun SCXW262523919 BCX0\"><span class=\"NormalTextRun SCXW262523919 BCX0\">Maliban \u00e9vekkel ezel\u0151tt \u00f6sszeomlott az \u00e1llami fels\u0151oktat\u00e1s <\/span><span class=\"NormalTextRun SCXW262523919 BCX0\">a finansz\u00edroz\u00e1s hi\u00e1nya miatt<\/span><span class=\"NormalTextRun SCXW262523919 BCX0\">. <\/span><span class=\"NormalTextRun SCXW262523919 BCX0\">A di\u00e1kok, akik leteszik az \u00e9retts\u00e9git elvileg bejutnak egy \u00e1llami egyetemre, de gyakorlatilag nem indulnak el a k\u00e9pz\u00e9sek a h\u00f3napokig vagy ak\u00e1r \u00e9vekig tart\u00f3 tan\u00e1r sztr\u00e1jkok miatt. Erre a helyzetre reag\u00e1lva sz\u00e1mtalan mag\u00e1n egyetem \u00e9s f\u0151iskola nyitotta meg kapuit <\/span><span class=\"NormalTextRun SpellingErrorV2Themed SCXW262523919 BCX0\">Bamak\u00f3ban<\/span><span class=\"NormalTextRun SCXW262523919 BCX0\"> az elm\u00falt \u00e9vtizedben. Legtehets\u00e9gesebb di\u00e1kjainkat ezekbe a mag\u00e1n int\u00e9zm\u00e9nyekbe iskol\u00e1ztatjuk be. \u00d6szt\u00f6nd\u00edjukat mag\u00e1nt\u00e1mogat\u00f3i csoportokkal \u00e9s a Hungary <\/span><span class=\"NormalTextRun SpellingErrorV2Themed SCXW262523919 BCX0\">Helps<\/span><span class=\"NormalTextRun SCXW262523919 BCX0\"> Program keret\u00e9b\u0151l finansz\u00edrozzuk. Az anyagi t\u00e1mogat\u00e1s mellett di\u00e1kjainknak mentor\u00e1l\u00e1st is biztos\u00edtunk, amellyel c\u00e9lunk, hogy munkalehet\u0151s\u00e9ghez seg\u00edts\u00fck \u0151ket sz\u00fcl\u0151f\u00f6ldj\u00fck\u00f6n maradva.\u00a0<\/span><\/span><span class=\"EOP SCXW262523919 BCX0\" data-ccp-props=\"{}\">\u00a0<\/span><\/p>\n<p class=\"has-text-align-center\">Ha jelentkezn\u00e9l, k\u00e9rj\u00fck \u00edrj az\u00a0<a href=\"mailto:info@kozelafrikahoz.hu\" target=\"_blank\" rel=\"noreferrer noopener\">info@kozelafrikahoz.hu<\/a> c\u00edmre<!-- \/divi:paragraph --><!-- divi:image {\"align\":\"center\",\"id\":3255,\"width\":809,\"height\":427,\"sizeSlug\":\"large\",\"linkDestination\":\"none\"} --><!-- \/divi:paragraph --><!-- divi:paragraph --><!-- \/divi:paragraph --><!-- \/divi:paragraph --><!-- divi:paragraph {\"align\":\"center\"} --><\/p>\n<p class=\"has-text-align-center\"><img loading=\"lazy\" decoding=\"async\" src=\"https:\/\/kozelafrikahoz.hu\/wp-content\/uploads\/2025\/06\/IMG-20240802-WA0027-216x300.jpg\" width=\"438\" height=\"609\" alt=\"\" class=\"wp-image-4122 alignnone size-medium\" style=\"display: block; margin-left: auto; margin-right: auto;\" \/><\/p>\n<p>&nbsp;<\/p>\n<p><!-- \/divi:image --><\/p>\n<p>[\/et_pb_text][et_pb_image _builder_version=&#8221;4.21.0&#8243; _module_preset=&#8221;default&#8221; global_colors_info=&#8221;{}&#8221; theme_builder_area=&#8221;post_content&#8221;][\/et_pb_image][\/et_pb_column][\/et_pb_row][et_pb_row _builder_version=&#8221;4.21.0&#8243; _module_preset=&#8221;default&#8221; width=&#8221;100%&#8221; global_colors_info=&#8221;{}&#8221; theme_builder_area=&#8221;post_content&#8221;][et_pb_column type=&#8221;4_4&#8243; _builder_version=&#8221;4.21.0&#8243; _module_preset=&#8221;default&#8221; global_colors_info=&#8221;{}&#8221; theme_builder_area=&#8221;post_content&#8221;][et_pb_text _builder_version=&#8221;4.21.0&#8243; _module_preset=&#8221;default&#8221; global_colors_info=&#8221;{}&#8221; theme_builder_area=&#8221;post_content&#8221;]<\/p>\n<h2>Kapcsol\u00f3d\u00f3 h\u00edrek<\/h2>\n<p>[\/et_pb_text][et_pb_blog posts_number=&#8221;3&#8243; include_categories=&#8221;32,41&#8243; show_more=&#8221;on&#8221; show_author=&#8221;off&#8221; show_categories=&#8221;off&#8221; show_pagination=&#8221;off&#8221; _builder_version=&#8221;4.21.0&#8243; _module_preset=&#8221;default&#8221; custom_css_main_element=&#8221;div:has(article) {||display: flex;||flex-wrap: wrap;||gap: 1rem;||justify-content: center;||max-width: 100%;||}||article {||  display: flex;||  flex-direction: column;||  text-wrap: balance;||  width: 250px;||}||||&#8221; custom_css_title=&#8221;padding-top: 0.5rem;&#8221; custom_css_featured_image=&#8221;height: 250px !important;||object-fit: cover;||padding: 0;||margin: 0;||&#8221; global_colors_info=&#8221;{}&#8221; custom_css_main_element_last_edited=&#8221;on|tablet&#8221; custom_css_main_element_tablet=&#8221;div:has(article) {||display: flex;||flex-wrap: wrap;||gap: 1rem;||justify-content: center;||max-width: 100%;||}||article {||  display: flex;||  flex-direction: column;||  text-wrap: balance;||  width: 100%;||}||&#8221; custom_css_main_element_phone=&#8221;div:has(article) {||display: flex;||flex-wrap: wrap;||gap: 1rem;||justify-content: center;||max-width: 100%;||}||article {||  display: flex;||  flex-direction: column;||  text-wrap: balance;||  min-width: 250px;||  max-width: 100%;||}||&#8221; theme_builder_area=&#8221;post_content&#8221;][\/et_pb_blog][\/et_pb_column][\/et_pb_row][\/et_pb_section]<\/p>\n","protected":false},"excerpt":{"rendered":"<p>K\u00f6zel Afrik\u00e1hoz Alap\u00edtv\u00e1ny &#8222;Excellence \u00d6szt\u00f6nd\u00edj&#8221; &#8211; Ruanda Mir\u0151l is sz\u00f3l a K\u00f6zel Afrik\u00e1hoz Alap\u00edtv\u00e1ny \u201eExcellence \u00d6szt\u00f6nd\u00edj\u201d?\u00a0 Az Excellence \u00d6szt\u00f6nd\u00edjra azok a ruandai fiatalok p\u00e1ly\u00e1zhatnak, akik partneriskol\u00e1inkban kiv\u00e1l\u00f3\u00a0 \u00e9retts\u00e9gi eredm\u00e9nnyel v\u00e9geznek, de szoci\u00e1lis k\u00f6r\u00fclm\u00e9nyeik miatt nincs lehet\u0151s\u00e9g\u00fck egyetemi tov\u00e1bbtanul\u00e1sra. C\u00e9lunk, hogy ezek a tehets\u00e9ges fiatalok ki tudjanak l\u00e9pni a t\u00fal\u00e9l\u00e9s\u00e9rt v\u00e9gzett f\u00f6ldm\u0171vel\u00e9sb\u0151l \u00e9s olyan szakm\u00e1t tudjanak [&hellip;]<\/p>\n","protected":false},"author":3,"featured_media":3343,"comment_status":"closed","ping_status":"closed","sticky":false,"template":"","format":"standard","meta":{"_et_pb_use_builder":"on","_et_pb_old_content":"<!-- wp:paragraph {\"align\":\"center\"} -->\n<p class=\"has-text-align-center\"><strong>&nbsp;Mir\u0151l is sz\u00f3l a K\u00f6zel Afrik\u00e1hoz Alap\u00edtv\u00e1ny \u201eExcellence Scholarship\u201d?&nbsp;<\/strong><\/p>\n<!-- \/wp:paragraph -->\n\n<!-- wp:paragraph {\"align\":\"left\"} -->\n<p class=\"has-text-align-left\">Az Excellence \u00f6szt\u00f6nd\u00edjra azok a ruandai fiatalok p\u00e1ly\u00e1zhatnak, akik partneriskol\u00e1inkban kiv\u00e1l\u00f3&nbsp; \u00e9retts\u00e9gi eredm\u00e9nnyel v\u00e9geznek, de szoci\u00e1lis k\u00f6r\u00fclm\u00e9nyeik miatt nincs lehet\u0151s\u00e9g\u00fck egyetemi tov\u00e1bbtanul\u00e1sra. C\u00e9lunk, hogy ezek a tehets\u00e9ges fiatalok ki tudjanak l\u00e9pni a t\u00fal\u00e9l\u00e9s\u00e9rt v\u00e9gzett f\u00f6ldm\u0171vel\u00e9sb\u0151l \u00e9s olyan szakm\u00e1t tudjanak elsaj\u00e1t\u00edtani, amivel nemcsak \u00f6nmagukat, hanem k\u00f6z\u00f6ss\u00e9g\u00fcket is seg\u00edtik.&nbsp;&nbsp;<\/p>\n<!-- \/wp:paragraph -->\n\n<!-- wp:paragraph {\"align\":\"center\"} -->\n<p class=\"has-text-align-center\"><strong>Milyen a fels\u0151oktat\u00e1s helyzete Ruand\u00e1ban?<\/strong>&nbsp;<\/p>\n<!-- \/wp:paragraph -->\n\n<!-- wp:paragraph -->\n<p>Ruand\u00e1ban az egyetemek nem ingyenesek. A korm\u00e1ny n\u00e9h\u00e1ny nagyon j\u00f3 eredm\u00e9nnyel v\u00e9gzett di\u00e1knak di\u00e1khitelt biztos\u00edt, ami az egyetemi tand\u00edjat fedezi. Sok tehets\u00e9ges di\u00e1k nem tud azonban \u00e9lni a tov\u00e1bbtanul\u00e1s lehet\u0151s\u00e9g\u00e9vel, mert nincs es\u00e9lye a meg\u00e9lhet\u00e9si k\u00f6lts\u00e9gek el\u0151teremt\u00e9s\u00e9re, \u00edgy benne ragad a napr\u00f3l napra v\u00e9gzett t\u00fal\u00e9l\u0151 f\u00f6ldm\u0171vel\u00e9sbe. Az \u00e1ltalunk ismert \u00e9s t\u00e1mogatott di\u00e1kokat szeretn\u00e9nk seg\u00edteni, hogy fels\u0151fok\u00fa oktat\u00e1shoz jutva, hivat\u00e1st tal\u00e1ljanak \u00e9s ez\u00e1ltal ki tudjanak emelkedni k\u00f6rnyezet\u00fckb\u0151l.&nbsp;<\/p>\n<!-- \/wp:paragraph -->\n\n<!-- wp:paragraph {\"align\":\"center\"} -->\n<p class=\"has-text-align-center\"><strong>Milyen tev\u00e9kenys\u00e9get folytat a&nbsp;K\u00f6zel Afrik\u00e1hoz Alap\u00edtv\u00e1ny Ruand\u00e1ban?<\/strong>&nbsp;<\/p>\n<!-- \/wp:paragraph -->\n\n<!-- wp:paragraph -->\n<p>Az alap\u00edtv\u00e1ny n\u00e9gy vid\u00e9ki helysz\u00ednen, a gyermekt\u00e1mogat\u00e1si programj\u00e1n kereszt\u00fcl k\u00f6zel nyolcvan&nbsp;gyermeknek biztos\u00edt tanul\u00e1si lehet\u0151s\u00e9g\u00e9t, iskol\u00e1ba j\u00e1r\u00e1st. A program l\u00e9nyege, hogy nem p\u00e9nzt oszt, hanem befizeti a gyerek k\u00f6telez\u0151 k\u00f6lts\u00e9geit az iskol\u00e1ba, \u00edgy biztos\u00edtva oktat\u00e1sukat. Az \u00e9retts\u00e9giig ezek a k\u00f6lts\u00e9gek havi n\u00e9h\u00e1ny ezer forintb\u00f3l megoldhat\u00f3ak, amit mag\u00e1nt\u00e1mogat\u00f3k fizetnek egy-egy gyermeknek. Az egyetemi k\u00f6lts\u00e9gek azonban a di\u00e1k m\u00e1sik v\u00e1rosba k\u00f6lt\u00f6z\u00e9se miatt, jelent\u0151sen megn\u0151nek, ez\u00e9rt v\u00e1lik sz\u00fcks\u00e9gess\u00e9 egy alap l\u00e9trehoz\u00e1sa.&nbsp;&nbsp;<\/p>\n<!-- \/wp:paragraph -->\n\n<!-- wp:paragraph -->\n<p>Az \u00e9retts\u00e9gi kor\u00fa fiatalokat alap\u00edtv\u00e1nyunk mentor\u00e1l\u00e1ssal is seg\u00edti, ami \u00e9pp olyan fontosnak bizonyul, mint az anyagi t\u00e1mogat\u00e1s. A mentor\u00e1l\u00e1s a felv\u00e9teli folyamaton \u00e9s az egyetemi \u00e9veken kereszt\u00fcl is tarthat. &nbsp;<\/p>\n<!-- \/wp:paragraph -->\n\n<!-- wp:paragraph {\"align\":\"center\"} -->\n<p class=\"has-text-align-center\"><strong>Mit kell tudni az \u00f6szt\u00f6nd\u00edjr\u00f3l?<\/strong>&nbsp;<\/p>\n<!-- \/wp:paragraph -->\n\n<!-- wp:paragraph -->\n<p>Az \u00f6szt\u00f6nd\u00edj oda\u00edt\u00e9l\u00e9s\u00e9t egy kurat\u00f3rium d\u00f6nti el a partneriskol\u00e1inkb\u00f3l \u00e9rkez\u0151 jelentkez\u00e9sek alapj\u00e1n. Az \u00f6szt\u00f6nd\u00edj els\u0151sorban, azok k\u00f6z\u00f6tt a di\u00e1kok k\u00f6z\u00f6tt lesz meghirdetve, akik r\u00e9szt vettek gyermekt\u00e1mogat\u00e1si programunkban.&nbsp; A di\u00e1kok szerz\u0151d\u00e9st k\u00f6tnek az alap\u00edtv\u00e1nnyal, melyben elk\u00f6telez\u0151dnek, hogy tanulm\u00e1nyaik idej\u00e9n nem v\u00e1llalnak gyermeket \u00e9s a&nbsp;meghat\u00e1rozott minimum tanulm\u00e1nyi k\u00f6vetelm\u00e9nyeknek megfelelnek.&nbsp;Az els\u0151 \u00e9vben h\u00e1rom \u00f6szt\u00f6nd\u00edjas di\u00e1k t\u00e1mogat\u00e1s\u00e1t t\u0171zt\u00fck ki c\u00e9lul.&nbsp;<\/p>\n<!-- \/wp:paragraph -->\n\n<!-- wp:paragraph {\"align\":\"center\"} -->\n<p class=\"has-text-align-center\"><strong>Hogyan t\u00f6rt\u00e9nik a t\u00e1mogat\u00f3k sz\u00e1m\u00e1ra a visszacsatol\u00e1s?<\/strong>&nbsp;<\/p>\n<!-- \/wp:paragraph -->\n\n<!-- wp:paragraph -->\n<p>Az alap\u00edtv\u00e1ny \u00e9vente k\u00e9tszer besz\u00e1mol\u00f3t k\u00fcld a t\u00e1mogatott egyetemi di\u00e1kokr\u00f3l: bizony\u00edtv\u00e1ny, fot\u00f3k, h\u00edrek.&nbsp;&nbsp;<\/p>\n<!-- \/wp:paragraph -->\n\n<!-- wp:paragraph {\"align\":\"center\"} -->\n<p class=\"has-text-align-center\"><strong>Kiknek a t\u00e1mogat\u00e1s\u00e1ra sz\u00e1m\u00edtunk?<\/strong>&nbsp;<\/p>\n<!-- \/wp:paragraph -->\n\n<!-- wp:paragraph -->\n<p>Az alap fel\u00e9p\u00edt\u00e9s\u00e9hez c\u00e9ges \u00e9s mag\u00e1n t\u00e1mogat\u00f3k befizet\u00e9seire sz\u00e1m\u00edtunk. C\u00e9ges t\u00e1mogat\u00f3kkal ig\u00e9ny szerint t\u00e1mogat\u00e1si szerz\u0151d\u00e9st k\u00f6t\u00fcnk. Alap\u00edtv\u00e1nyunk k\u00f6zhaszn\u00fa, a fel\u00e9nk tett befizet\u00e9sek k\u00f6lts\u00e9gk\u00e9nt le\u00edrhat\u00f3k \u00e9s a t\u00e1rsadalmi felel\u0151ss\u00e9gv\u00e1llal\u00e1s r\u00e9szek\u00e9nt megjelen\u00edthet\u0151ek.&nbsp;<\/p>\n<!-- \/wp:paragraph -->\n\n<!-- wp:paragraph -->\n<p>Ha jelentkezn\u00e9l, k\u00e9rj\u00fck \u00edrj az&nbsp;<a href=\"mailto:info@kozelafrikahoz.hu\" target=\"_blank\" rel=\"noreferrer noopener\">info@kozelafrikahoz.hu<\/a>&nbsp;c\u00edmre.&nbsp;<\/p>\n<!-- \/wp:paragraph -->\n\n<!-- wp:image {\"align\":\"center\",\"id\":3255,\"width\":809,\"height\":427,\"sizeSlug\":\"large\",\"linkDestination\":\"none\"} -->\n<figure class=\"wp-block-image aligncenter size-large is-resized\"><img src=\"https:\/\/kozelafrikahoz.hu\/wp-content\/uploads\/2024\/05\/claud-1024x541.jpg\" alt=\"\" class=\"wp-image-3255\" width=\"809\" height=\"427\"\/><\/figure>\n<!-- \/wp:image -->\n\n<!-- wp:image {\"align\":\"center\",\"id\":3250,\"width\":813,\"height\":384,\"sizeSlug\":\"large\",\"linkDestination\":\"none\"} -->\n<figure class=\"wp-block-image aligncenter size-large is-resized\"><img src=\"https:\/\/kozelafrikahoz.hu\/wp-content\/uploads\/2024\/05\/hussein-1024x485.jpg\" alt=\"\" class=\"wp-image-3250\" width=\"813\" height=\"384\"\/><\/figure>\n<!-- \/wp:image -->\n\n<!-- wp:image {\"align\":\"center\",\"id\":3262,\"width\":823,\"height\":435,\"sizeSlug\":\"large\",\"linkDestination\":\"none\"} -->\n<figure class=\"wp-block-image aligncenter size-large is-resized\"><img src=\"https:\/\/kozelafrikahoz.hu\/wp-content\/uploads\/2024\/05\/emmanuel-1-1024x540.jpg\" alt=\"\" class=\"wp-image-3262\" width=\"823\" height=\"435\"\/><\/figure>\n<!-- \/wp:image -->","_et_gb_content_width":"","footnotes":""},"categories":[41,7],"tags":[],"class_list":["post-3244","post","type-post","status-publish","format-standard","has-post-thumbnail","hentry","category-egyetemi-osztondij-mi-ujsag","category-mi-ujsag"],"_links":{"self":[{"href":"https:\/\/kozelafrikahoz.hu\/en\/wp-json\/wp\/v2\/posts\/3244","targetHints":{"allow":["GET"]}}],"collection":[{"href":"https:\/\/kozelafrikahoz.hu\/en\/wp-json\/wp\/v2\/posts"}],"about":[{"href":"https:\/\/kozelafrikahoz.hu\/en\/wp-json\/wp\/v2\/types\/post"}],"author":[{"embeddable":true,"href":"https:\/\/kozelafrikahoz.hu\/en\/wp-json\/wp\/v2\/users\/3"}],"replies":[{"embeddable":true,"href":"https:\/\/kozelafrikahoz.hu\/en\/wp-json\/wp\/v2\/comments?post=3244"}],"version-history":[{"count":24,"href":"https:\/\/kozelafrikahoz.hu\/en\/wp-json\/wp\/v2\/posts\/3244\/revisions"}],"predecessor-version":[{"id":4278,"href":"https:\/\/kozelafrikahoz.hu\/en\/wp-json\/wp\/v2\/posts\/3244\/revisions\/4278"}],"wp:featuredmedia":[{"embeddable":true,"href":"https:\/\/kozelafrikahoz.hu\/en\/wp-json\/wp\/v2\/media\/3343"}],"wp:attachment":[{"href":"https:\/\/kozelafrikahoz.hu\/en\/wp-json\/wp\/v2\/media?parent=3244"}],"wp:term":[{"taxonomy":"category","embeddable":true,"href":"https:\/\/kozelafrikahoz.hu\/en\/wp-json\/wp\/v2\/categories?post=3244"},{"taxonomy":"post_tag","embeddable":true,"href":"https:\/\/kozelafrikahoz.hu\/en\/wp-json\/wp\/v2\/tags?post=3244"}],"curies":[{"name":"wp","href":"https:\/\/api.w.org\/{rel}","templated":true}]}}