{"id":2870,"date":"2023-08-17T20:20:37","date_gmt":"2023-08-17T18:20:37","guid":{"rendered":"https:\/\/kozelafrikahoz.hu\/?p=2870"},"modified":"2025-06-03T11:32:03","modified_gmt":"2025-06-03T09:32:03","slug":"kapolcsi-muveszetek-volgye-2023","status":"publish","type":"post","link":"https:\/\/kozelafrikahoz.hu\/en\/kapolcsi-muveszetek-volgye-2023\/","title":{"rendered":"Art Festival in Kapolcs, Hungary"},"content":{"rendered":"<p class=\"wp-block-paragraph\">Check our photos from the festival... <\/p>\n\n\n\n<p class=\"wp-block-paragraph\">This year's Valley of Arts program series has ended in Kapolcs. <\/p>\n\n\n\n<figure class=\"wp-block-image size-large\"><img loading=\"lazy\" decoding=\"async\" width=\"819\" height=\"1024\" src=\"https:\/\/kozelafrikahoz.hu\/wp-content\/uploads\/2023\/08\/IMG_20230817_115008_245-819x1024.webp\" alt=\"\" class=\"wp-image-2872\"\/><\/figure>\n\n\n\n<p class=\"wp-block-paragraph translation-block\">We had the opportunity to introduce ourselves inside the Green Garden courtyard. Those interested could see a presentation about the work of our foundation and the natural bogolan painting process, as well as traditional Malian motifs and symbols. With the help of our volunteers, we held craft sessions in the courtyard.<\/p>\n\n\n\n<figure class=\"wp-block-image size-large\"><img loading=\"lazy\" decoding=\"async\" width=\"1024\" height=\"576\" src=\"https:\/\/kozelafrikahoz.hu\/wp-content\/uploads\/2023\/08\/IMG_20230728_141632_490-1024x576.jpg\" alt=\"\" class=\"wp-image-2878\" srcset=\"https:\/\/kozelafrikahoz.hu\/wp-content\/uploads\/2023\/08\/IMG_20230728_141632_490-980x551.jpg 980w, https:\/\/kozelafrikahoz.hu\/wp-content\/uploads\/2023\/08\/IMG_20230728_141632_490-480x270.jpg 480w\" sizes=\"(min-width: 0px) and (max-width: 480px) 480px, (min-width: 481px) and (max-width: 980px) 980px, (min-width: 981px) 1024px, 100vw\" \/><\/figure>\n\n\n\n<figure class=\"wp-block-image size-large is-resized\"><img loading=\"lazy\" decoding=\"async\" src=\"https:\/\/kozelafrikahoz.hu\/wp-content\/uploads\/2023\/08\/IMG_20230730_154709_182-1-576x1024.webp\" alt=\"\" class=\"wp-image-2873\" width=\"825\" height=\"1467\"\/><\/figure>\n\n\n\n<figure class=\"wp-block-image size-large is-resized\"><img loading=\"lazy\" decoding=\"async\" src=\"https:\/\/kozelafrikahoz.hu\/wp-content\/uploads\/2023\/08\/IMG_20230729_165431_903-576x1024.webp\" alt=\"\" class=\"wp-image-2874\" width=\"821\" height=\"1460\"\/><\/figure>\n\n\n\n<figure class=\"wp-block-image size-large\"><img loading=\"lazy\" decoding=\"async\" width=\"819\" height=\"1024\" src=\"https:\/\/kozelafrikahoz.hu\/wp-content\/uploads\/2023\/08\/IMG_20230817_115008_323-819x1024.webp\" alt=\"\" class=\"wp-image-2881\"\/><\/figure>\n\n\n\n<p class=\"wp-block-paragraph\">The participants could paint the symbols they learned on a T-shirt or a bag. In addition, we also used leftover materials from the previous Hint of Africa textile bags and clothes, and provided the opportunity for creative participants to sew these materials onto t-shirts or make armbands out of them. <\/p>\n\n\n\n<figure class=\"wp-block-image size-large\"><img loading=\"lazy\" decoding=\"async\" width=\"1024\" height=\"576\" src=\"https:\/\/kozelafrikahoz.hu\/wp-content\/uploads\/2023\/08\/IMG_20230730_114239_280-1024x576.jpg\" alt=\"\" class=\"wp-image-2875\" srcset=\"https:\/\/kozelafrikahoz.hu\/wp-content\/uploads\/2023\/08\/IMG_20230730_114239_280-980x551.jpg 980w, https:\/\/kozelafrikahoz.hu\/wp-content\/uploads\/2023\/08\/IMG_20230730_114239_280-480x270.jpg 480w\" sizes=\"(min-width: 0px) and (max-width: 480px) 480px, (min-width: 481px) and (max-width: 980px) 980px, (min-width: 981px) 1024px, 100vw\" \/><\/figure>\n\n\n\n<p class=\"wp-block-paragraph translation-block\">Despite the heat, we had many exciting conversations and we were able to form many new relationships!<\/p>\n\n\n\n<figure class=\"wp-block-image size-large\"><img loading=\"lazy\" decoding=\"async\" width=\"819\" height=\"1024\" src=\"https:\/\/kozelafrikahoz.hu\/wp-content\/uploads\/2023\/08\/IMG_20230817_115008_317-819x1024.webp\" alt=\"\" class=\"wp-image-2877\"\/><\/figure>\n\n\n\n<p class=\"wp-block-paragraph translation-block\">We thank the Hungarian Jane Goodall Institute and the organizers for the invitation. The atmosphere was great!<\/p>\n\n\n\n<figure class=\"wp-block-image size-large is-resized\"><img loading=\"lazy\" decoding=\"async\" src=\"https:\/\/kozelafrikahoz.hu\/wp-content\/uploads\/2023\/08\/IMG_20230729_154113_131-576x1024.webp\" alt=\"\" class=\"wp-image-2876\" width=\"821\" height=\"1460\"\/><\/figure>\n\n\n\n<figure class=\"wp-block-image size-large\"><img loading=\"lazy\" decoding=\"async\" width=\"1024\" height=\"768\" src=\"https:\/\/kozelafrikahoz.hu\/wp-content\/uploads\/2023\/08\/IMG-20230729-WA0010-1024x768.jpg\" alt=\"\" class=\"wp-image-2879\" srcset=\"https:\/\/kozelafrikahoz.hu\/wp-content\/uploads\/2023\/08\/IMG-20230729-WA0010-980x735.jpg 980w, https:\/\/kozelafrikahoz.hu\/wp-content\/uploads\/2023\/08\/IMG-20230729-WA0010-480x360.jpg 480w\" sizes=\"(min-width: 0px) and (max-width: 480px) 480px, (min-width: 481px) and (max-width: 980px) 980px, (min-width: 981px) 1024px, 100vw\" \/><\/figure>\n\n\n\n<p class=\"wp-block-paragraph\">... the rain didn't dampen our spirits either, and this is what we got afterwards! <\/p>","protected":false},"excerpt":{"rendered":"<p>K\u00e9pes besz\u00e1mol\u00f3 k\u00f6vetkezik : ) Lezajlott az idei M\u0171v\u00e9szetek V\u00f6lgye programsorozat Kapolcson. A M\u0171v\u00e9szetek z\u00f6ldje udvaron bel\u00fcl volt lehet\u0151s\u00e9g\u00fcnk bemutatkozni. Alap\u00edtv\u00e1nyunk munk\u00e1j\u00e1r\u00f3l es a term\u00e9szetes bogolan festeni elj\u00e1r\u00e1sr\u00f3l, valamint a hagyom\u00e1nyos mali mot\u00edvumokr\u00f3l, szimb\u00f3lumokr\u00f3l l\u00e1thattak el\u0151ad\u00e1st az \u00e9rdekl\u0151d\u0151k. \u00d6nk\u00e9nteseink seg\u00edts\u00e9g\u00e9vel az udvarban k\u00e9zm\u0171ves foglalkoz\u00e1sokat tartottunk. A megismert szimb\u00f3lumokat a r\u00e9sztvev\u0151k p\u00f3l\u00f3ra, vagy t\u00e1sk\u00e1ra festhett\u00e9k fel. [&hellip;]<\/p>\n","protected":false},"author":3,"featured_media":2880,"comment_status":"closed","ping_status":"closed","sticky":false,"template":"","format":"standard","meta":{"_et_pb_use_builder":"off","_et_pb_old_content":"","_et_gb_content_width":"","footnotes":""},"categories":[43,7],"tags":[],"class_list":["post-2870","post","type-post","status-publish","format-standard","has-post-thumbnail","hentry","category-fesztivalszervezes","category-mi-ujsag"],"_links":{"self":[{"href":"https:\/\/kozelafrikahoz.hu\/en\/wp-json\/wp\/v2\/posts\/2870","targetHints":{"allow":["GET"]}}],"collection":[{"href":"https:\/\/kozelafrikahoz.hu\/en\/wp-json\/wp\/v2\/posts"}],"about":[{"href":"https:\/\/kozelafrikahoz.hu\/en\/wp-json\/wp\/v2\/types\/post"}],"author":[{"embeddable":true,"href":"https:\/\/kozelafrikahoz.hu\/en\/wp-json\/wp\/v2\/users\/3"}],"replies":[{"embeddable":true,"href":"https:\/\/kozelafrikahoz.hu\/en\/wp-json\/wp\/v2\/comments?post=2870"}],"version-history":[{"count":1,"href":"https:\/\/kozelafrikahoz.hu\/en\/wp-json\/wp\/v2\/posts\/2870\/revisions"}],"predecessor-version":[{"id":2882,"href":"https:\/\/kozelafrikahoz.hu\/en\/wp-json\/wp\/v2\/posts\/2870\/revisions\/2882"}],"wp:featuredmedia":[{"embeddable":true,"href":"https:\/\/kozelafrikahoz.hu\/en\/wp-json\/wp\/v2\/media\/2880"}],"wp:attachment":[{"href":"https:\/\/kozelafrikahoz.hu\/en\/wp-json\/wp\/v2\/media?parent=2870"}],"wp:term":[{"taxonomy":"category","embeddable":true,"href":"https:\/\/kozelafrikahoz.hu\/en\/wp-json\/wp\/v2\/categories?post=2870"},{"taxonomy":"post_tag","embeddable":true,"href":"https:\/\/kozelafrikahoz.hu\/en\/wp-json\/wp\/v2\/tags?post=2870"}],"curies":[{"name":"wp","href":"https:\/\/api.w.org\/{rel}","templated":true}]}}