{"id":2844,"date":"2023-07-10T12:47:20","date_gmt":"2023-07-10T10:47:20","guid":{"rendered":"https:\/\/kozelafrikahoz.hu\/?p=2844"},"modified":"2025-06-05T12:36:10","modified_gmt":"2025-06-05T10:36:10","slug":"elkeszult-a-kezmoso-allomasunk-ruandaban","status":"publish","type":"post","link":"https:\/\/kozelafrikahoz.hu\/en\/elkeszult-a-kezmoso-allomasunk-ruandaban\/","title":{"rendered":"The handwashing station at our partner schools in Rwanda is finished!"},"content":{"rendered":"\n<p class=\"wp-block-paragraph\">Ruandai partneriskol\u00e1nkn\u00e1l elk\u00e9sz\u00fclt a k\u00e9zmos\u00f3 \u00e1llom\u00e1s! <\/p>\n\n\n\n<p class=\"wp-block-paragraph\">K\u00f6sz\u00f6nj\u00fck a <a href=\"https:\/\/www.facebook.com\/hungaryhelpsprogram?__cft__[0]=AZWFQ_xdQLYmXOE22g9D-nLDUws29t26SUPE7vUS-KxIUHtTxCGxDLl84YGhHIAPyn42m6WprVFz0PpLk3TPBLTzRCzd93RK4MEwlXuxtPhGWaCcXBvsaHOGAtnAgkwxQURkgeGLbqx6dwdJ0WQ0PxRSozrRrZrRpZTNNQSpZfHqRQ&amp;__tn__=-]K-R\">Hungary Helps &#8211; Magyarorsz\u00e1g seg\u00edt<\/a> t\u00e1mogat\u00e1s\u00e1t, akik n\u00e9lk\u00fcl ez a projekt nem val\u00f3sulhatott volna meg.<\/p>\n\n\n\n<p class=\"wp-block-paragraph\">A gyerekeknek ezent\u00fal lehet\u0151s\u00e9ge lesz a mell\u00e9khelyis\u00e9gek haszn\u00e1lata ut\u00e1ni k\u00e9zmos\u00e1sra. J\u00faliusban kezd\u0151dnek a k\u00e9zmos\u00e1s fontoss\u00e1g\u00e1r\u00f3l sz\u00f3l\u00f3 \u00e9rz\u00e9keny\u00edt\u0151 el\u0151ad\u00e1saink is, melyet utaz\u00e1sunk alkalm\u00e1val \u00f6nk\u00e9nteseink fognak megval\u00f3s\u00edtani.<\/p>\n\n\n\n<p class=\"wp-block-paragraph\">Alig v\u00e1rjuk a hivatalos \u00e1tad\u00e1st, hiszen ez mindig fontos m\u00e9rf\u00f6ldk\u0151 az alap\u00edtv\u00e1nyok \u00e9let\u00e9ben!<\/p>\n\n\n\n<p class=\"wp-block-paragraph\">K\u00e9pes besz\u00e1mol\u00f3nkat l\u00e1thatj\u00e1tok az \u00e9p\u00edtkez\u00e9s menet\u00e9r\u0151l:<\/p>\n\n\n\n<figure class=\"wp-block-image size-full\"><img loading=\"lazy\" decoding=\"async\" width=\"919\" height=\"689\" src=\"https:\/\/kozelafrikahoz.hu\/wp-content\/uploads\/2023\/07\/image.png\" alt=\"\" class=\"wp-image-2845\" srcset=\"https:\/\/kozelafrikahoz.hu\/wp-content\/uploads\/2023\/07\/image.png 919w, https:\/\/kozelafrikahoz.hu\/wp-content\/uploads\/2023\/07\/image-480x360.png 480w\" sizes=\"(min-width: 0px) and (max-width: 480px) 480px, (min-width: 481px) 919px, 100vw\" \/><\/figure>\n\n\n\n<figure class=\"wp-block-image size-full\"><img loading=\"lazy\" decoding=\"async\" width=\"919\" height=\"517\" src=\"https:\/\/kozelafrikahoz.hu\/wp-content\/uploads\/2023\/07\/image-5.png\" alt=\"\" class=\"wp-image-2850\" srcset=\"https:\/\/kozelafrikahoz.hu\/wp-content\/uploads\/2023\/07\/image-5.png 919w, https:\/\/kozelafrikahoz.hu\/wp-content\/uploads\/2023\/07\/image-5-480x270.png 480w\" sizes=\"(min-width: 0px) and (max-width: 480px) 480px, (min-width: 481px) 919px, 100vw\" \/><\/figure>\n\n\n\n<figure class=\"wp-block-image size-full is-resized\"><img loading=\"lazy\" decoding=\"async\" src=\"https:\/\/kozelafrikahoz.hu\/wp-content\/uploads\/2023\/07\/image-1.png\" alt=\"\" class=\"wp-image-2846\" width=\"825\" height=\"463\" srcset=\"https:\/\/kozelafrikahoz.hu\/wp-content\/uploads\/2023\/07\/image-1.png 825w, https:\/\/kozelafrikahoz.hu\/wp-content\/uploads\/2023\/07\/image-1-480x270.png 480w\" sizes=\"(min-width: 0px) and (max-width: 480px) 480px, (min-width: 481px) 825px, 100vw\" \/><figcaption class=\"wp-element-caption\">Magyarorsz\u00e1g kenyai nagyk\u00f6vete  \u00e9s a ruandai konzul\u00e1tus magyar munkat\u00e1rsai is megl\u00e1togatt\u00e1k az \u00e9p\u00edtkez\u00e9st<\/figcaption><\/figure>\n\n\n\n<figure class=\"wp-block-image size-full\"><img loading=\"lazy\" decoding=\"async\" width=\"917\" height=\"688\" src=\"https:\/\/kozelafrikahoz.hu\/wp-content\/uploads\/2023\/07\/image-2.png\" alt=\"\" class=\"wp-image-2847\" srcset=\"https:\/\/kozelafrikahoz.hu\/wp-content\/uploads\/2023\/07\/image-2.png 917w, https:\/\/kozelafrikahoz.hu\/wp-content\/uploads\/2023\/07\/image-2-480x360.png 480w\" sizes=\"(min-width: 0px) and (max-width: 480px) 480px, (min-width: 481px) 917px, 100vw\" \/><\/figure>\n\n\n\n<figure class=\"wp-block-image size-full\"><img loading=\"lazy\" decoding=\"async\" width=\"876\" height=\"552\" src=\"https:\/\/kozelafrikahoz.hu\/wp-content\/uploads\/2023\/07\/image-3.png\" alt=\"\" class=\"wp-image-2848\" srcset=\"https:\/\/kozelafrikahoz.hu\/wp-content\/uploads\/2023\/07\/image-3.png 876w, https:\/\/kozelafrikahoz.hu\/wp-content\/uploads\/2023\/07\/image-3-480x302.png 480w\" sizes=\"(min-width: 0px) and (max-width: 480px) 480px, (min-width: 481px) 876px, 100vw\" \/><\/figure>\n\n\n\n<figure class=\"wp-block-image size-full\"><img loading=\"lazy\" decoding=\"async\" width=\"919\" height=\"689\" src=\"https:\/\/kozelafrikahoz.hu\/wp-content\/uploads\/2023\/07\/image-4.png\" alt=\"\" class=\"wp-image-2849\" srcset=\"https:\/\/kozelafrikahoz.hu\/wp-content\/uploads\/2023\/07\/image-4.png 919w, https:\/\/kozelafrikahoz.hu\/wp-content\/uploads\/2023\/07\/image-4-480x360.png 480w\" sizes=\"(min-width: 0px) and (max-width: 480px) 480px, (min-width: 481px) 919px, 100vw\" \/><\/figure>\n\n\n\n<p class=\"wp-block-paragraph\">Kor\u00e1bbi k\u00e9zmos\u00e1st t\u00e1mogat\u00f3 projekt\u00fcnkr\u0151l itt olvashattok: https:\/\/kozelafrikahoz.hu\/semmelweis-kutfuras-projekt-2021\/<\/p>\n\n\n\n<p class=\"wp-block-paragraph\">A Hungary Helps tev\u00e9kenys\u00e9g\u00e9r\u0151l itt olvashattok b\u0151vebben: https:\/\/hungaryhelps.gov.hu<\/p>\n\n\n\n<p class=\"wp-block-paragraph\"><\/p>\n","protected":false},"excerpt":{"rendered":"<p>Ruandai partneriskol\u00e1nkn\u00e1l elk\u00e9sz\u00fclt a k\u00e9zmos\u00f3 \u00e1llom\u00e1s! K\u00f6sz\u00f6nj\u00fck a Hungary Helps &#8211; Magyarorsz\u00e1g seg\u00edt t\u00e1mogat\u00e1s\u00e1t, akik n\u00e9lk\u00fcl ez a projekt nem val\u00f3sulhatott volna meg. A gyerekeknek ezent\u00fal lehet\u0151s\u00e9ge lesz a mell\u00e9khelyis\u00e9gek haszn\u00e1lata ut\u00e1ni k\u00e9zmos\u00e1sra. J\u00faliusban kezd\u0151dnek a k\u00e9zmos\u00e1s fontoss\u00e1g\u00e1r\u00f3l sz\u00f3l\u00f3 \u00e9rz\u00e9keny\u00edt\u0151 el\u0151ad\u00e1saink is, melyet utaz\u00e1sunk alkalm\u00e1val \u00f6nk\u00e9nteseink fognak megval\u00f3s\u00edtani. Alig v\u00e1rjuk a hivatalos \u00e1tad\u00e1st, hiszen ez [&hellip;]<\/p>\n","protected":false},"author":3,"featured_media":2856,"comment_status":"closed","ping_status":"closed","sticky":false,"template":"","format":"standard","meta":{"_et_pb_use_builder":"off","_et_pb_old_content":"","_et_gb_content_width":"","footnotes":""},"categories":[48,46,7],"tags":[],"class_list":["post-2844","post","type-post","status-publish","format-standard","has-post-thumbnail","hentry","category-egyuttmukodesek","category-iskolaepites","category-mi-ujsag"],"_links":{"self":[{"href":"https:\/\/kozelafrikahoz.hu\/en\/wp-json\/wp\/v2\/posts\/2844","targetHints":{"allow":["GET"]}}],"collection":[{"href":"https:\/\/kozelafrikahoz.hu\/en\/wp-json\/wp\/v2\/posts"}],"about":[{"href":"https:\/\/kozelafrikahoz.hu\/en\/wp-json\/wp\/v2\/types\/post"}],"author":[{"embeddable":true,"href":"https:\/\/kozelafrikahoz.hu\/en\/wp-json\/wp\/v2\/users\/3"}],"replies":[{"embeddable":true,"href":"https:\/\/kozelafrikahoz.hu\/en\/wp-json\/wp\/v2\/comments?post=2844"}],"version-history":[{"count":3,"href":"https:\/\/kozelafrikahoz.hu\/en\/wp-json\/wp\/v2\/posts\/2844\/revisions"}],"predecessor-version":[{"id":2855,"href":"https:\/\/kozelafrikahoz.hu\/en\/wp-json\/wp\/v2\/posts\/2844\/revisions\/2855"}],"wp:featuredmedia":[{"embeddable":true,"href":"https:\/\/kozelafrikahoz.hu\/en\/wp-json\/wp\/v2\/media\/2856"}],"wp:attachment":[{"href":"https:\/\/kozelafrikahoz.hu\/en\/wp-json\/wp\/v2\/media?parent=2844"}],"wp:term":[{"taxonomy":"category","embeddable":true,"href":"https:\/\/kozelafrikahoz.hu\/en\/wp-json\/wp\/v2\/categories?post=2844"},{"taxonomy":"post_tag","embeddable":true,"href":"https:\/\/kozelafrikahoz.hu\/en\/wp-json\/wp\/v2\/tags?post=2844"}],"curies":[{"name":"wp","href":"https:\/\/api.w.org\/{rel}","templated":true}]}}