{"id":2837,"date":"2023-06-23T16:55:41","date_gmt":"2023-06-23T14:55:41","guid":{"rendered":"https:\/\/kozelafrikahoz.hu\/?p=2837"},"modified":"2025-06-03T11:37:04","modified_gmt":"2025-06-03T09:37:04","slug":"fgm-zero-tolerancia-2","status":"publish","type":"post","link":"https:\/\/kozelafrikahoz.hu\/en\/fgm-zero-tolerancia-2\/","title":{"rendered":"FGM Zero Tolerance"},"content":{"rendered":"<p class=\"wp-block-paragraph\">2024-ben a n\u0151i nemiszerv-csonk\u00edt\u00e1s elleni kamp\u00e1nyunkat a f\u00e9rfiak \u00e9rz\u00e9keny\u00edt\u00e9s\u00e9vel folytattuk. Ennek \u00e9rdek\u00e9ben m\u00e1jusban egy k\u00e9t napos szimp\u00f3ziumot szervezett helyi partner\u00fcnk a negyed vall\u00e1si vezet\u0151inek.&nbsp; A megh\u00edvott vall\u00e1stud\u00f3s besz\u00e9lt arr\u00f3l, hogy az exc\u00edzi\u00f3 nem elv\u00e1r\u00e1s a muzulm\u00e1n vall\u00e1sban, majd megvitatt\u00e1k annak eredet\u00e9t \u00e9s problematik\u00e1j\u00e1t. A r\u00e9sztvev\u0151k szembes\u00fcltek az exc\u00edzi\u00f3 eg\u00e9szs\u00e9g\u00fcgyi k\u00f6vetkezm\u00e9nyeivel, ami sokak sz\u00e1m\u00e1ra \u00fajdons\u00e1g volt. A k\u00e9t napos \u00fcl\u00e9sen az exc\u00edzi\u00f3 mellett megvitatt\u00e1k a gyermekh\u00e1zass\u00e1gok, a n\u0151k elleni er\u0151szak a szexu\u00e1lis eg\u00e9szs\u00e9g t\u00e9m\u00e1j\u00e1t is.&nbsp;&nbsp;&nbsp;<\/p>\n\n\n\n<p class=\"wp-block-paragraph\">Both the head of the Sansfil slum and the mayor of the district expressed their gratitude to our local partner for making this meeting possible, and made suggestions for similar meetings in the future. That\u2019s right, once the genie is released from the bottle of taboos, everything is possible!&nbsp;<\/p>\n\n\n\n<p class=\"wp-block-paragraph\">We are beyond thankful to all our supporters who have contributed to the execution of our Girls' Connection program so far! We feel that we are achieving a breakthrough in changing people\u2019s perception about FGM in the Sansfil district, and for that reason, we can rightly hope that the children of our organization\u2019s supported girls will never have to face the horrific trauma FGM is.&nbsp;&nbsp;<\/p>\n\n\n\n<p class=\"wp-block-paragraph\">As the next step in our campaign, we will begin the training of the district's women leaders to help them becoming advocates for the cause themselves.&nbsp;<\/p>\n\n\n\n<p class=\"wp-block-paragraph\">To be continued\u2026&nbsp;<\/p>\n\n\n\n<figure class=\"wp-block-image size-full\"><img loading=\"lazy\" decoding=\"async\" width=\"874\" height=\"583\" src=\"https:\/\/kozelafrikahoz.hu\/wp-content\/uploads\/2023\/06\/IMG-20230523-WA0008.jpg\" alt=\"\" class=\"wp-image-2839\" srcset=\"https:\/\/kozelafrikahoz.hu\/wp-content\/uploads\/2023\/06\/IMG-20230523-WA0008.jpg 874w, https:\/\/kozelafrikahoz.hu\/wp-content\/uploads\/2023\/06\/IMG-20230523-WA0008-480x320.jpg 480w\" sizes=\"(min-width: 0px) and (max-width: 480px) 480px, (min-width: 481px) 874px, 100vw\" \/><\/figure>","protected":false},"excerpt":{"rendered":"<p>2024-ben a n\u0151i nemiszerv-csonk\u00edt\u00e1s elleni kamp\u00e1nyunkat a f\u00e9rfiak \u00e9rz\u00e9keny\u00edt\u00e9s\u00e9vel folytattuk. Ennek \u00e9rdek\u00e9ben m\u00e1jusban egy k\u00e9t napos szimp\u00f3ziumot szervezett helyi partner\u00fcnk a negyed vall\u00e1si vezet\u0151inek.&nbsp; A megh\u00edvott vall\u00e1stud\u00f3s besz\u00e9lt arr\u00f3l, hogy az exc\u00edzi\u00f3 nem elv\u00e1r\u00e1s a muzulm\u00e1n vall\u00e1sban, majd megvitatt\u00e1k annak eredet\u00e9t \u00e9s problematik\u00e1j\u00e1t. A r\u00e9sztvev\u0151k szembes\u00fcltek az exc\u00edzi\u00f3 eg\u00e9szs\u00e9g\u00fcgyi k\u00f6vetkezm\u00e9nyeivel, ami sokak sz\u00e1m\u00e1ra \u00fajdons\u00e1g volt. [&hellip;]<\/p>\n","protected":false},"author":3,"featured_media":2838,"comment_status":"closed","ping_status":"closed","sticky":false,"template":"","format":"standard","meta":{"_et_pb_use_builder":"off","_et_pb_old_content":"","_et_gb_content_width":"","footnotes":""},"categories":[39,7],"tags":[],"class_list":["post-2837","post","type-post","status-publish","format-standard","has-post-thumbnail","hentry","category-lanyok-ugye","category-mi-ujsag"],"_links":{"self":[{"href":"https:\/\/kozelafrikahoz.hu\/en\/wp-json\/wp\/v2\/posts\/2837","targetHints":{"allow":["GET"]}}],"collection":[{"href":"https:\/\/kozelafrikahoz.hu\/en\/wp-json\/wp\/v2\/posts"}],"about":[{"href":"https:\/\/kozelafrikahoz.hu\/en\/wp-json\/wp\/v2\/types\/post"}],"author":[{"embeddable":true,"href":"https:\/\/kozelafrikahoz.hu\/en\/wp-json\/wp\/v2\/users\/3"}],"replies":[{"embeddable":true,"href":"https:\/\/kozelafrikahoz.hu\/en\/wp-json\/wp\/v2\/comments?post=2837"}],"version-history":[{"count":4,"href":"https:\/\/kozelafrikahoz.hu\/en\/wp-json\/wp\/v2\/posts\/2837\/revisions"}],"predecessor-version":[{"id":4179,"href":"https:\/\/kozelafrikahoz.hu\/en\/wp-json\/wp\/v2\/posts\/2837\/revisions\/4179"}],"wp:featuredmedia":[{"embeddable":true,"href":"https:\/\/kozelafrikahoz.hu\/en\/wp-json\/wp\/v2\/media\/2838"}],"wp:attachment":[{"href":"https:\/\/kozelafrikahoz.hu\/en\/wp-json\/wp\/v2\/media?parent=2837"}],"wp:term":[{"taxonomy":"category","embeddable":true,"href":"https:\/\/kozelafrikahoz.hu\/en\/wp-json\/wp\/v2\/categories?post=2837"},{"taxonomy":"post_tag","embeddable":true,"href":"https:\/\/kozelafrikahoz.hu\/en\/wp-json\/wp\/v2\/tags?post=2837"}],"curies":[{"name":"wp","href":"https:\/\/api.w.org\/{rel}","templated":true}]}}