{"id":2815,"date":"2023-06-02T04:23:16","date_gmt":"2023-06-02T02:23:16","guid":{"rendered":"https:\/\/kozelafrikahoz.hu\/?p=2815"},"modified":"2025-06-03T13:09:01","modified_gmt":"2025-06-03T11:09:01","slug":"afrika-szuletesnap-kepes-beszamolo","status":"publish","type":"post","link":"https:\/\/kozelafrikahoz.hu\/en\/afrika-szuletesnap-kepes-beszamolo\/","title":{"rendered":"Africa Birthday in Budapest"},"content":{"rendered":"<p class=\"wp-block-paragraph\">he event was officially opened by Tristan Azbej (State Secretary for the Aid of Persecuted Christians and the implementation of the Hungary Helps Program) who explained the Hungarian state\u2019s involvement in Africa through the specific projects supported by Hungary Helps. This was followed by roundtable discussions on the health, water, and sanitary situation, and the state of education with special regard to the relationship cooperation opportunities between Hungary and Africa.<\/p>\n\n\n\n<figure class=\"wp-block-image size-large\"><img loading=\"lazy\" decoding=\"async\" width=\"1024\" height=\"683\" src=\"https:\/\/kozelafrikahoz.hu\/wp-content\/uploads\/2023\/06\/PB_Afrika-nap_057-2-1024x683.jpg\" alt=\"\" class=\"wp-image-2816\" srcset=\"https:\/\/kozelafrikahoz.hu\/wp-content\/uploads\/2023\/06\/PB_Afrika-nap_057-2-980x653.jpg 980w, https:\/\/kozelafrikahoz.hu\/wp-content\/uploads\/2023\/06\/PB_Afrika-nap_057-2-480x320.jpg 480w\" sizes=\"(min-width: 0px) and (max-width: 480px) 480px, (min-width: 481px) and (max-width: 980px) 980px, (min-width: 981px) 1024px, 100vw\" \/><\/figure>\n\n\n\n<figure class=\"wp-block-image size-large is-resized\"><img loading=\"lazy\" decoding=\"async\" src=\"https:\/\/kozelafrikahoz.hu\/wp-content\/uploads\/2023\/06\/PB_Afrika-nap_059-2-1024x683.jpg\" alt=\"\" class=\"wp-image-2817\" width=\"823\" height=\"548\"\/><\/figure>\n\n\n\n<p class=\"wp-block-paragraph\">Together with Hilda Szab\u00f3 (ASANTE A Gyermekek\u00e9rt Egyes\u00fclet) and Zs\u00f3fia Szil\u00e1gyi-K\u00f6ncz\u00f6l (Sz\u00edvemben Sz\u00fcletett Afrika), Andrea Morris participated in the panel discussion \"The situation of women in Africa \u2013 opportunities and challenges in projects supporting women empowerment\". After the roundtable discussions in the the morning, further professional discourses developed on the topics as well.<\/p>\n\n\n\n<figure class=\"wp-block-image size-large\"><img loading=\"lazy\" decoding=\"async\" width=\"1024\" height=\"683\" src=\"https:\/\/kozelafrikahoz.hu\/wp-content\/uploads\/2023\/06\/PB_Afrika-nap_094-2-1024x683.jpg\" alt=\"\" class=\"wp-image-2818\" srcset=\"https:\/\/kozelafrikahoz.hu\/wp-content\/uploads\/2023\/06\/PB_Afrika-nap_094-2-980x653.jpg 980w, https:\/\/kozelafrikahoz.hu\/wp-content\/uploads\/2023\/06\/PB_Afrika-nap_094-2-480x320.jpg 480w\" sizes=\"(min-width: 0px) and (max-width: 480px) 480px, (min-width: 481px) and (max-width: 980px) 980px, (min-width: 981px) 1024px, 100vw\" \/><figcaption class=\"wp-element-caption\">Thank you to Eszter and her partner \u2013 the winners of the draw that took place earlier \u2013 for receiving this Dogon door from Us in person!<\/figcaption><\/figure>\n\n\n\n<figure class=\"wp-block-image size-large\"><img loading=\"lazy\" decoding=\"async\" width=\"1024\" height=\"683\" src=\"https:\/\/kozelafrikahoz.hu\/wp-content\/uploads\/2023\/06\/PB_Afrika-nap_152-2-1024x683.jpg\" alt=\"\" class=\"wp-image-2819\" srcset=\"https:\/\/kozelafrikahoz.hu\/wp-content\/uploads\/2023\/06\/PB_Afrika-nap_152-2-980x653.jpg 980w, https:\/\/kozelafrikahoz.hu\/wp-content\/uploads\/2023\/06\/PB_Afrika-nap_152-2-480x320.jpg 480w\" sizes=\"(min-width: 0px) and (max-width: 480px) 480px, (min-width: 481px) and (max-width: 980px) 980px, (min-width: 981px) 1024px, 100vw\" \/><\/figure>\n\n\n\n<p class=\"wp-block-paragraph\">\u00daj Hint of Africa farmerdzsekiket is bemutattunk az \u00e9rdekl\u0151d\u0151knek<\/p>\n\n\n\n<p class=\"wp-block-paragraph\">In the afternoon, we welcomed guests with a phenomenal atmosphere enriched with some music and dance! After tasting some delicacies in the chocolate-tasting, the enthusiastic participants had the opportunity to burn the calories through an African zumba class. <\/p>\n\n\n\n<p class=\"wp-block-paragraph\">Thank you Sz\u00edvemben Sz\u00fcletett Afrika\u2019s team for the organization and invitation!<\/p>","protected":false},"excerpt":{"rendered":"<p>Our foundation attended the event organized by Sz\u00edvemben Sz\u00fcletett Afrika on the occasion of International Africa Day on May 25, 2023.<\/p>","protected":false},"author":3,"featured_media":2816,"comment_status":"closed","ping_status":"closed","sticky":false,"template":"","format":"standard","meta":{"_et_pb_use_builder":"off","_et_pb_old_content":"","_et_gb_content_width":"","footnotes":""},"categories":[44,7],"tags":[],"class_list":["post-2815","post","type-post","status-publish","format-standard","has-post-thumbnail","hentry","category-eloadasok-afrikarol","category-mi-ujsag"],"_links":{"self":[{"href":"https:\/\/kozelafrikahoz.hu\/en\/wp-json\/wp\/v2\/posts\/2815","targetHints":{"allow":["GET"]}}],"collection":[{"href":"https:\/\/kozelafrikahoz.hu\/en\/wp-json\/wp\/v2\/posts"}],"about":[{"href":"https:\/\/kozelafrikahoz.hu\/en\/wp-json\/wp\/v2\/types\/post"}],"author":[{"embeddable":true,"href":"https:\/\/kozelafrikahoz.hu\/en\/wp-json\/wp\/v2\/users\/3"}],"replies":[{"embeddable":true,"href":"https:\/\/kozelafrikahoz.hu\/en\/wp-json\/wp\/v2\/comments?post=2815"}],"version-history":[{"count":1,"href":"https:\/\/kozelafrikahoz.hu\/en\/wp-json\/wp\/v2\/posts\/2815\/revisions"}],"predecessor-version":[{"id":2820,"href":"https:\/\/kozelafrikahoz.hu\/en\/wp-json\/wp\/v2\/posts\/2815\/revisions\/2820"}],"wp:featuredmedia":[{"embeddable":true,"href":"https:\/\/kozelafrikahoz.hu\/en\/wp-json\/wp\/v2\/media\/2816"}],"wp:attachment":[{"href":"https:\/\/kozelafrikahoz.hu\/en\/wp-json\/wp\/v2\/media?parent=2815"}],"wp:term":[{"taxonomy":"category","embeddable":true,"href":"https:\/\/kozelafrikahoz.hu\/en\/wp-json\/wp\/v2\/categories?post=2815"},{"taxonomy":"post_tag","embeddable":true,"href":"https:\/\/kozelafrikahoz.hu\/en\/wp-json\/wp\/v2\/tags?post=2815"}],"curies":[{"name":"wp","href":"https:\/\/api.w.org\/{rel}","templated":true}]}}