{"id":2773,"date":"2023-05-12T12:23:00","date_gmt":"2023-05-12T10:23:00","guid":{"rendered":"https:\/\/kozelafrikahoz.hu\/?p=2773"},"modified":"2025-06-03T11:39:54","modified_gmt":"2025-06-03T09:39:54","slug":"nemzetkozi-tavasz-afrika-het","status":"publish","type":"post","link":"https:\/\/kozelafrikahoz.hu\/en\/nemzetkozi-tavasz-afrika-het\/","title":{"rendered":"International African Week P\u00e9cs"},"content":{"rendered":"\n<p class=\"wp-block-paragraph\">Id\u00e9n is lehet\u0151s\u00e9get kaptunk a bemutatkoz\u00e1sra a P\u00e9csi Afrika H\u00e9t keret\u00e9n bel\u00fcl! <\/p>\n\n\n\n<p class=\"wp-block-paragraph\">A &#8222;honnan j\u00f6ttek, hov\u00e1 mennek&#8230;?&#8221; dogon kult\u00far\u00e1r\u00f3l sz\u00f3l\u00f3 el\u0151ad\u00e1st Morris Andrea tartotta.&nbsp;<\/p>\n\n\n\n<p class=\"wp-block-paragraph\">Ezut\u00e1n, egy divatbemutat\u00f3 keret\u00e9n bel\u00fcl megmutattuk legfrissebb <a href=\"https:\/\/www.facebook.com\/profile.php?id=100086391804142&amp;__cft__[0]=AZWnof1RYQx4mxmbGBX39vhl3L4SgQfWRHwbBKF_R60wYlse3ZHiiv8QHQhFEWK0cvuGPQx6TVghP2TKtro27QoacNxLvcVxvo6OUfyiwman_GPevxiQUifcON0RBkD_goHj6lB_uTOIHfD7ilo5UIGOrm1RZbqUQGr3hnjzXPmrrwU0xzlGX_IZl7kSHlwXemY&amp;__tn__=-]K-R\" target=\"_blank\" rel=\"noreferrer noopener\">Hint of Africa &#8211; Egy csipetnyi Afrika<\/a> kollekci\u00f3nkat. Fantasztikus, profi modelljeink a PTE jelenlegi \u00e9s v\u00e9gzett hallgat\u00f3i voltak! &nbsp;<\/p>\n\n\n\n<figure class=\"wp-block-image size-large\"><img loading=\"lazy\" decoding=\"async\" width=\"1024\" height=\"683\" src=\"https:\/\/kozelafrikahoz.hu\/wp-content\/uploads\/2023\/05\/20230426-19121337-csortos-szabolcs-is-afrika-het-eloadas-nappali-1337-1024x683.jpg\" alt=\"\" class=\"wp-image-2779\" srcset=\"https:\/\/kozelafrikahoz.hu\/wp-content\/uploads\/2023\/05\/20230426-19121337-csortos-szabolcs-is-afrika-het-eloadas-nappali-1337-980x653.jpg 980w, https:\/\/kozelafrikahoz.hu\/wp-content\/uploads\/2023\/05\/20230426-19121337-csortos-szabolcs-is-afrika-het-eloadas-nappali-1337-480x320.jpg 480w\" sizes=\"(min-width: 0px) and (max-width: 480px) 480px, (min-width: 481px) and (max-width: 980px) 980px, (min-width: 981px) 1024px, 100vw\" \/><\/figure>\n\n\n\n<figure class=\"wp-block-image size-large\"><img loading=\"lazy\" decoding=\"async\" width=\"1024\" height=\"683\" src=\"https:\/\/kozelafrikahoz.hu\/wp-content\/uploads\/2023\/05\/20230426-19231372-csortos-szabolcs-is-afrika-het-eloadas-nappali-1372-1024x683.jpg\" alt=\"\" class=\"wp-image-2780\" srcset=\"https:\/\/kozelafrikahoz.hu\/wp-content\/uploads\/2023\/05\/20230426-19231372-csortos-szabolcs-is-afrika-het-eloadas-nappali-1372-980x653.jpg 980w, https:\/\/kozelafrikahoz.hu\/wp-content\/uploads\/2023\/05\/20230426-19231372-csortos-szabolcs-is-afrika-het-eloadas-nappali-1372-480x320.jpg 480w\" sizes=\"(min-width: 0px) and (max-width: 480px) 480px, (min-width: 481px) and (max-width: 980px) 980px, (min-width: 981px) 1024px, 100vw\" \/><\/figure>\n\n\n\n<p class=\"wp-block-paragraph\">A PTE szervez\u00e9s\u00e9ben megrendezett P\u00e9csi Afrika H\u00e9ten \u00e1prilis 25-27 k\u00f6z\u00f6tt tal\u00e1lkozhattak vel\u00fcnk az afrikai kult\u00fara ir\u00e1nt \u00e9rdekl\u0151d\u0151k. Az itt megjelent sz\u00e1mos nemzetk\u00f6zi r\u00e9sztvev\u0151nek k\u00f6sz\u00f6nhet\u0151en a Hint of Africa term\u00e9kek m\u00e1r a vil\u00e1g sz\u00e1mos pontj\u00e1n teszik szebb\u00e9 a haszn\u00e1l\u00f3ik napjait.&nbsp;&nbsp;<\/p>\n\n\n\n<figure class=\"wp-block-gallery has-nested-images columns-default is-cropped wp-block-gallery-1 is-layout-flex wp-block-gallery-is-layout-flex\">\n<figure class=\"wp-block-image size-large\"><img loading=\"lazy\" decoding=\"async\" width=\"768\" height=\"1024\" data-id=\"2777\" src=\"https:\/\/kozelafrikahoz.hu\/wp-content\/uploads\/2023\/05\/hoa2-1-768x1024.jpg\" alt=\"\" class=\"wp-image-2777\"\/><\/figure>\n<\/figure>\n\n\n\n<p class=\"wp-block-paragraph\">Itt ker\u00fcltek bemutat\u00e1sra leg\u00fajabb strandt\u00e1sk\u00e1ink, amelyeket Rad\u00f3cz Katalin \u00f6nk\u00e9ntes\u00fcnk k\u00e9sz\u00edtett.&nbsp;&nbsp;\u201cAz afrikai textileket a <a href=\"https:\/\/www.facebook.com\/profile.php?id=100086391804142&amp;__cft__[0]=AZXeGp9OZ0ellzPK_h2PwlBjHQKxwEKnAUFvbljW20qBlHCtzyBlqwxn5CfEkRpux4LJJJHdUH37JS4ktArrD5IRwJEu9yypWQEEogeF8a9JVzXIhSPUCotzicVUc6OG9Hk&amp;__tn__=-]K-R\" target=\"_blank\" rel=\"noreferrer noopener\">Hint of Africa &#8211; Egy csipetnyi Afrika<\/a> adta, a lelkesed\u00e9st \u00e9n. Mire belej\u00f6ttem, elfogyott az anyag.\u201d \u00cdrja Kati, akinek t\u00e1sk\u00e1i ezent\u00fal megtal\u00e1lhat\u00f3k standjainkn\u00e1l a Hint of Africa kollekci\u00f3iban!<\/p>\n\n\n\n<figure class=\"wp-block-image size-large\"><img loading=\"lazy\" decoding=\"async\" width=\"1024\" height=\"683\" src=\"https:\/\/kozelafrikahoz.hu\/wp-content\/uploads\/2023\/05\/20230426-17501232-csortos-szabolcs-is-afrika-het-eloadas-nappali-1232-1024x683.jpg\" alt=\"\" class=\"wp-image-2778\" srcset=\"https:\/\/kozelafrikahoz.hu\/wp-content\/uploads\/2023\/05\/20230426-17501232-csortos-szabolcs-is-afrika-het-eloadas-nappali-1232-980x653.jpg 980w, https:\/\/kozelafrikahoz.hu\/wp-content\/uploads\/2023\/05\/20230426-17501232-csortos-szabolcs-is-afrika-het-eloadas-nappali-1232-480x320.jpg 480w\" sizes=\"(min-width: 0px) and (max-width: 480px) 480px, (min-width: 481px) and (max-width: 980px) 980px, (min-width: 981px) 1024px, 100vw\" \/><\/figure>\n\n\n\n<p class=\"wp-block-paragraph\">Standunkkal a Nappali K\u00e1v\u00e9z\u00f3ban tal\u00e1lkozhattatok, ahol S\u00e1rk\u00f6zi Katalin \u00e9s Rad\u00f3cz Katalin \u00f6nk\u00e9nteseink mutatt\u00e1k be a progrmajainkat, gyermekt\u00e1mogat\u00e1sainkat.<\/p>\n\n\n\n<figure class=\"wp-block-image size-large\"><img loading=\"lazy\" decoding=\"async\" width=\"1024\" height=\"683\" src=\"https:\/\/kozelafrikahoz.hu\/wp-content\/uploads\/2023\/05\/pah_22-1024x683.jpg\" alt=\"\" class=\"wp-image-2781\" srcset=\"https:\/\/kozelafrikahoz.hu\/wp-content\/uploads\/2023\/05\/pah_22-980x653.jpg 980w, https:\/\/kozelafrikahoz.hu\/wp-content\/uploads\/2023\/05\/pah_22-480x320.jpg 480w\" sizes=\"(min-width: 0px) and (max-width: 480px) 480px, (min-width: 481px) and (max-width: 980px) 980px, (min-width: 981px) 1024px, 100vw\" \/><\/figure>\n\n\n\n<p class=\"wp-block-paragraph\">K\u00f6sz\u00f6nj\u00fck a megh\u00edv\u00e1st \u00e9s a fot\u00f3kat a PTE-nek! <\/p>\n","protected":false},"excerpt":{"rendered":"<p>Id\u00e9n is lehet\u0151s\u00e9get kaptunk a bemutatkoz\u00e1sra a P\u00e9csi Afrika H\u00e9t keret\u00e9n bel\u00fcl! A &#8222;honnan j\u00f6ttek, hov\u00e1 mennek&#8230;?&#8221; dogon kult\u00far\u00e1r\u00f3l sz\u00f3l\u00f3 el\u0151ad\u00e1st Morris Andrea tartotta.&nbsp; Ezut\u00e1n, egy divatbemutat\u00f3 keret\u00e9n bel\u00fcl megmutattuk legfrissebb Hint of Africa &#8211; Egy csipetnyi Afrika kollekci\u00f3nkat. Fantasztikus, profi modelljeink a PTE jelenlegi \u00e9s v\u00e9gzett hallgat\u00f3i voltak! &nbsp; A PTE szervez\u00e9s\u00e9ben megrendezett P\u00e9csi [&hellip;]<\/p>\n","protected":false},"author":3,"featured_media":2774,"comment_status":"closed","ping_status":"closed","sticky":false,"template":"","format":"standard","meta":{"_et_pb_use_builder":"off","_et_pb_old_content":"","_et_gb_content_width":"","footnotes":""},"categories":[44,7],"tags":[],"class_list":["post-2773","post","type-post","status-publish","format-standard","has-post-thumbnail","hentry","category-eloadasok-afrikarol","category-mi-ujsag"],"_links":{"self":[{"href":"https:\/\/kozelafrikahoz.hu\/en\/wp-json\/wp\/v2\/posts\/2773","targetHints":{"allow":["GET"]}}],"collection":[{"href":"https:\/\/kozelafrikahoz.hu\/en\/wp-json\/wp\/v2\/posts"}],"about":[{"href":"https:\/\/kozelafrikahoz.hu\/en\/wp-json\/wp\/v2\/types\/post"}],"author":[{"embeddable":true,"href":"https:\/\/kozelafrikahoz.hu\/en\/wp-json\/wp\/v2\/users\/3"}],"replies":[{"embeddable":true,"href":"https:\/\/kozelafrikahoz.hu\/en\/wp-json\/wp\/v2\/comments?post=2773"}],"version-history":[{"count":2,"href":"https:\/\/kozelafrikahoz.hu\/en\/wp-json\/wp\/v2\/posts\/2773\/revisions"}],"predecessor-version":[{"id":4181,"href":"https:\/\/kozelafrikahoz.hu\/en\/wp-json\/wp\/v2\/posts\/2773\/revisions\/4181"}],"wp:featuredmedia":[{"embeddable":true,"href":"https:\/\/kozelafrikahoz.hu\/en\/wp-json\/wp\/v2\/media\/2774"}],"wp:attachment":[{"href":"https:\/\/kozelafrikahoz.hu\/en\/wp-json\/wp\/v2\/media?parent=2773"}],"wp:term":[{"taxonomy":"category","embeddable":true,"href":"https:\/\/kozelafrikahoz.hu\/en\/wp-json\/wp\/v2\/categories?post=2773"},{"taxonomy":"post_tag","embeddable":true,"href":"https:\/\/kozelafrikahoz.hu\/en\/wp-json\/wp\/v2\/tags?post=2773"}],"curies":[{"name":"wp","href":"https:\/\/api.w.org\/{rel}","templated":true}]}}