{"id":2767,"date":"2023-05-12T11:54:42","date_gmt":"2023-05-12T09:54:42","guid":{"rendered":"https:\/\/kozelafrikahoz.hu\/?p=2767"},"modified":"2025-06-03T11:41:05","modified_gmt":"2025-06-03T09:41:05","slug":"egy-falat-afrika","status":"publish","type":"post","link":"https:\/\/kozelafrikahoz.hu\/en\/egy-falat-afrika\/","title":{"rendered":"'Egy Falat Afrika' Event"},"content":{"rendered":"\n<p class=\"wp-block-paragraph\">R\u00e9szt vett\u00fcnk az Egy falat Afrika rendezv\u00e9nyen, Budapesten a Kelenv\u00f6lgyi K\u00f6z\u00f6ss\u00e9gi H\u00e1zban!&nbsp;<\/p>\n\n\n\n<p class=\"wp-block-paragraph\">Izgalmas el\u0151ad\u00e1sok keret\u00e9ben k\u00fcl\u00f6nb\u00f6z\u0151 Afrik\u00e1val foglalkoz\u00f3 szervezetek \u00e9s Afrik\u00e1ban j\u00e1rt szakemberek, \u00f6nk\u00e9ntesek mutatkoztak be. A r\u00e9sztvev\u0151knek lehet\u0151s\u00e9g\u00fck volt afrikai t\u00e9m\u00e1j\u00fa k\u00f6nyveket, csecsebecs\u00e9ket v\u00e1s\u00e1rolni, melyekkel egy-egy alap\u00edtv\u00e1ny m\u0171k\u00f6d\u00e9s\u00e9t, programjait t\u00e1mogatt\u00e1k.&nbsp;&nbsp;<\/p>\n\n\n\n<p class=\"wp-block-paragraph\">A sz\u00e9les programv\u00e1laszt\u00e9kban a K\u00f6zel Afrik\u00e1hoz Alap\u00edtv\u00e1ny is k\u00e9pviselte mag\u00e1t! Mes\u00e9l\u00fcnk Ruand\u00e1r\u00f3l \u00e9s k\u00f6z\u00f6ss\u00e9gi divatbemutat\u00f3t szervez\u00fcnk a <a href=\"https:\/\/www.facebook.com\/profile.php?id=100086391804142&amp;__cft__[0]=AZUEilQDG4db8d3dd23ivyRVchJYGBiiNyrNZOH23SjVFKFhJ8NCkDWoDsQgysqrDQQP24XQI1w08Xkak6jBbPdInjsPurbDfNFO1vwrhsl68X8DyuoxxJQZ6ySI5qqjfT8N5DqG7QK7HU_5zHMRfxvHenyL6L47t5Bmqf02TELiiWuvjz7HZnOe2rQ-NblifmlZeDlNN2y9HSU9TpJldn9T&amp;__tn__=-]K-R\" target=\"_blank\" rel=\"noreferrer noopener\">Hint of Africa &#8211; Egy csipetnyi Afrika<\/a> \u00faj darabjaib\u00f3l.&nbsp;Bemutatta a tavaszi kollekci\u00f3nkat! A modellek a k\u00f6z\u00f6ns\u00e9gb\u0151l \u00e9s a \u00f6nk\u00e9ntesekb\u0151l ker\u00fcltek ki \u00e9s fantasztikusan meg\u00e1llt\u00e1k a hely\u00fcket.&nbsp;&nbsp;<\/p>\n\n\n\n<p class=\"wp-block-paragraph\"><img decoding=\"async\" src=\"blob:https:\/\/kozelafrikahoz.hu\/23d6e0d5-685c-4d0c-8239-0aaeda29e2bb\"><\/p>\n\n\n\n<p class=\"wp-block-paragraph\"><img decoding=\"async\" src=\"blob:https:\/\/kozelafrikahoz.hu\/c8179ada-13af-4c1a-af1c-43b4494d7012\"><\/p>\n\n\n\n<figure class=\"wp-block-image size-large\"><img loading=\"lazy\" decoding=\"async\" width=\"1024\" height=\"683\" src=\"https:\/\/kozelafrikahoz.hu\/wp-content\/uploads\/2023\/05\/1683884945465-1024x683.jpg\" alt=\"\" class=\"wp-image-2771\" srcset=\"https:\/\/kozelafrikahoz.hu\/wp-content\/uploads\/2023\/05\/1683884945465-1024x683.jpg 1024w, https:\/\/kozelafrikahoz.hu\/wp-content\/uploads\/2023\/05\/1683884945465-980x653.jpg 980w, https:\/\/kozelafrikahoz.hu\/wp-content\/uploads\/2023\/05\/1683884945465-480x320.jpg 480w\" sizes=\"(min-width: 0px) and (max-width: 480px) 480px, (min-width: 481px) and (max-width: 980px) 980px, (min-width: 981px) 1024px, 100vw\" \/><\/figure>\n\n\n\n<figure class=\"wp-block-image size-large\"><img loading=\"lazy\" decoding=\"async\" width=\"1024\" height=\"576\" src=\"https:\/\/kozelafrikahoz.hu\/wp-content\/uploads\/2023\/05\/1683884945479-1024x576.jpg\" alt=\"\" class=\"wp-image-2770\" srcset=\"https:\/\/kozelafrikahoz.hu\/wp-content\/uploads\/2023\/05\/1683884945479-980x551.jpg 980w, https:\/\/kozelafrikahoz.hu\/wp-content\/uploads\/2023\/05\/1683884945479-480x270.jpg 480w\" sizes=\"(min-width: 0px) and (max-width: 480px) 480px, (min-width: 481px) and (max-width: 980px) 980px, (min-width: 981px) 1024px, 100vw\" \/><\/figure>\n\n\n\n<p class=\"wp-block-paragraph\">A b\u00fcf\u00e9ben afrikai finoms\u00e1gokat k\u00f3stolhattak meg az ide l\u00e1togat\u00f3k, melyeket \u00f6nk\u00e9ntesek k\u00e9sz\u00edtett\u00e9k el!A szervez\u0151k k\u00fcl\u00f6n gyerekprogramokkal k\u00e9sz\u00fcltek, \u00e9s a szerencs\u00e9s id\u0151j\u00e1r\u00e1snak k\u00f6sz\u00f6nhet\u0151en, igazi ny\u00e1ri szabadt\u00e9ri program kerekedett az interakt\u00edv mes\u00e9s foglalkoz\u00e1sokb\u00f3l, k\u00e9zm\u0171ves alkot\u00f3 programokb\u00f3l. A zen\u00e9s t\u00e1ncos programr\u00e9szeket Afrikai zen\u00e9szek vezet\u00e9s\u00e9vel hatalmas nevet\u00e9sek k\u00eds\u00e9rt\u00e9k.&nbsp;<\/p>\n\n\n\n<p class=\"wp-block-paragraph\">K\u00f6sz\u00f6nj\u00fck a megh\u00edv\u00e1st \u00e9s a szervez\u00e9st AfriKata! <\/p>\n\n\n","protected":false},"excerpt":{"rendered":"<p>R\u00e9szt vett\u00fcnk az Egy falat Afrika rendezv\u00e9nyen, Budapesten a Kelenv\u00f6lgyi K\u00f6z\u00f6ss\u00e9gi H\u00e1zban!&nbsp; Izgalmas el\u0151ad\u00e1sok keret\u00e9ben k\u00fcl\u00f6nb\u00f6z\u0151 Afrik\u00e1val foglalkoz\u00f3 szervezetek \u00e9s Afrik\u00e1ban j\u00e1rt szakemberek, \u00f6nk\u00e9ntesek mutatkoztak be. A r\u00e9sztvev\u0151knek lehet\u0151s\u00e9g\u00fck volt afrikai t\u00e9m\u00e1j\u00fa k\u00f6nyveket, csecsebecs\u00e9ket v\u00e1s\u00e1rolni, melyekkel egy-egy alap\u00edtv\u00e1ny m\u0171k\u00f6d\u00e9s\u00e9t, programjait t\u00e1mogatt\u00e1k.&nbsp;&nbsp; A sz\u00e9les programv\u00e1laszt\u00e9kban a K\u00f6zel Afrik\u00e1hoz Alap\u00edtv\u00e1ny is k\u00e9pviselte mag\u00e1t! Mes\u00e9l\u00fcnk Ruand\u00e1r\u00f3l \u00e9s k\u00f6z\u00f6ss\u00e9gi [&hellip;]<\/p>\n","protected":false},"author":3,"featured_media":2768,"comment_status":"closed","ping_status":"closed","sticky":false,"template":"","format":"standard","meta":{"_et_pb_use_builder":"off","_et_pb_old_content":"","_et_gb_content_width":"","footnotes":""},"categories":[44,43,7],"tags":[],"class_list":["post-2767","post","type-post","status-publish","format-standard","has-post-thumbnail","hentry","category-eloadasok-afrikarol","category-fesztivalszervezes","category-mi-ujsag"],"_links":{"self":[{"href":"https:\/\/kozelafrikahoz.hu\/en\/wp-json\/wp\/v2\/posts\/2767","targetHints":{"allow":["GET"]}}],"collection":[{"href":"https:\/\/kozelafrikahoz.hu\/en\/wp-json\/wp\/v2\/posts"}],"about":[{"href":"https:\/\/kozelafrikahoz.hu\/en\/wp-json\/wp\/v2\/types\/post"}],"author":[{"embeddable":true,"href":"https:\/\/kozelafrikahoz.hu\/en\/wp-json\/wp\/v2\/users\/3"}],"replies":[{"embeddable":true,"href":"https:\/\/kozelafrikahoz.hu\/en\/wp-json\/wp\/v2\/comments?post=2767"}],"version-history":[{"count":2,"href":"https:\/\/kozelafrikahoz.hu\/en\/wp-json\/wp\/v2\/posts\/2767\/revisions"}],"predecessor-version":[{"id":2784,"href":"https:\/\/kozelafrikahoz.hu\/en\/wp-json\/wp\/v2\/posts\/2767\/revisions\/2784"}],"wp:featuredmedia":[{"embeddable":true,"href":"https:\/\/kozelafrikahoz.hu\/en\/wp-json\/wp\/v2\/media\/2768"}],"wp:attachment":[{"href":"https:\/\/kozelafrikahoz.hu\/en\/wp-json\/wp\/v2\/media?parent=2767"}],"wp:term":[{"taxonomy":"category","embeddable":true,"href":"https:\/\/kozelafrikahoz.hu\/en\/wp-json\/wp\/v2\/categories?post=2767"},{"taxonomy":"post_tag","embeddable":true,"href":"https:\/\/kozelafrikahoz.hu\/en\/wp-json\/wp\/v2\/tags?post=2767"}],"curies":[{"name":"wp","href":"https:\/\/api.w.org\/{rel}","templated":true}]}}