{"id":1965,"date":"2023-01-24T13:03:54","date_gmt":"2023-01-24T12:03:54","guid":{"rendered":"https:\/\/kozelafrikahoz.hu\/?p=1965"},"modified":"2025-06-03T14:47:49","modified_gmt":"2025-06-03T12:47:49","slug":"mi-ujsag-maliban-onkenteskent-a-terrorizmus-arnyekaban","status":"publish","type":"post","link":"https:\/\/kozelafrikahoz.hu\/en\/mi-ujsag-maliban-onkenteskent-a-terrorizmus-arnyekaban\/","title":{"rendered":"What\u2019s going on in Mali? Volunteering in the shadow of terrorism"},"content":{"rendered":"\n[et_pb_section admin_label=&#8221;section&#8221;]\n\t\t\t[et_pb_row admin_label=&#8221;row&#8221;]\n\t\t\t\t[et_pb_column type=&#8221;4_4&#8243;][et_pb_text admin_label=&#8221;Text&#8221;]<!-- divi:paragraph -->\n<p>Telt h\u00e1zas rendezv\u00e9nnyel startolt a janu\u00e1r!&nbsp;&nbsp;<\/p>\n<!-- \/divi:paragraph -->\n\n<!-- divi:paragraph -->\n<p>Janu\u00e1r 13-\u00e1n, \u00e9rdekess\u00e9gekben gazdag est\u00e9t t\u00f6lt\u00f6tt\u00fcnk egy\u00fctt, ahol nem csak besz\u00e1mol\u00f3kat \u00e9s j\u00f6v\u0151beli terveket de \u00e9l\u0151 korazen\u00e9t is hallgattunk Lamine Siskora koram\u0171v\u00e9sz el\u0151ad\u00e1s\u00e1ban, aki fantasztikus dallamokkal elvar\u00e1zsolta a rendezv\u00e9ny r\u00e9sztvev\u0151it.&nbsp;<\/p>\n<!-- \/divi:paragraph -->\n\n<!-- divi:paragraph -->\n<p>Morris Andrea (K\u00f6zel Afrik\u00e1hoz Alap\u00edtv\u00e1ny eln\u00f6ke) \u00e9s AfriKata novemberben j\u00e1rtak Maliban \u00f6nk\u00e9ntes misszi\u00f3n.&nbsp; A neh\u00e9z politikai helyzet \u00e9s a terrorizmus egyre er\u0151sebb el\u0151renyomul\u00e1sa miatt, kisebb csoda, hogy Andi \u00e9s Kata bejutottak az orsz\u00e1gba. Szem\u00e9lyesen mes\u00e9ltek az intenz\u00edv tereptapasztalataikr\u00f3l, a t\u00e1mogatott gyerekekr\u0151l, tank\u00f6nyvoszt\u00e1sr\u00f3l, felmer\u00fcl\u0151 neh\u00e9zs\u00e9gekr\u0151l \u00e9s a mali humorr\u00f3l.<\/p>\n<!-- \/divi:paragraph -->\n\n<!-- divi:image {\"id\":1970,\"sizeSlug\":\"large\",\"linkDestination\":\"none\"} -->\n<figure class=\"wp-block-image size-large\"><img loading=\"lazy\" decoding=\"async\" width=\"768\" height=\"1024\" src=\"https:\/\/kozelafrikahoz.hu\/wp-content\/uploads\/2023\/01\/IMG-20230114-WA0050-768x1024.jpg\" alt=\"\" class=\"wp-image-1970\"\/><\/figure>\n<!-- \/divi:image -->\n\n<!-- divi:image {\"id\":1969,\"width\":771,\"height\":579,\"sizeSlug\":\"full\",\"linkDestination\":\"none\"} -->\n<figure class=\"wp-block-image size-full is-resized\"><img loading=\"lazy\" decoding=\"async\" src=\"https:\/\/kozelafrikahoz.hu\/wp-content\/uploads\/2023\/01\/FB_IMG_1673512734910.jpg\" alt=\"\" class=\"wp-image-1969\" width=\"771\" height=\"579\" srcset=\"https:\/\/kozelafrikahoz.hu\/wp-content\/uploads\/2023\/01\/FB_IMG_1673512734910.jpg 771w, https:\/\/kozelafrikahoz.hu\/wp-content\/uploads\/2023\/01\/FB_IMG_1673512734910-480x360.jpg 480w\" sizes=\"(min-width: 0px) and (max-width: 480px) 480px, (min-width: 481px) 771px, 100vw\" \/><figcaption class=\"wp-element-caption\">Andi \u00e9s Kata a legut\u00f3bbi \u00fatjukr\u00f3l hozt\u00e1k haza a hangszer alapanyagot<\/figcaption><\/figure>\n<!-- \/divi:image -->\n\n<!-- divi:paragraph -->\n<p>Az est folyam\u00e1n ismertett\u00fck a K\u00f6zel Afrik\u00e1hoz Alap\u00edtv\u00e1ny 2023-as terveit k\u00f6zt\u00fck a hamarosan megval\u00f3sul\u00f3 Ruandai \u00fat c\u00e9lkit\u0171z\u00e9seit. Az \u00fat lehet\u0151s\u00e9get biztos\u00edt, hogy alap\u00edtv\u00e1ny munkat\u00e1rsai szem\u00e9lyesen l\u00e1togathassanak el a t\u00e1mogatott gyerekek csal\u00e1djaihoz \u00e9s az iskol\u00e1khoz a gyermekt\u00e1mogat\u00e1sok b\u0151v\u00edt\u00e9se c\u00e9lj\u00e1b\u00f3l. Ezenk\u00edv\u00fcl a kor\u00e1bban megval\u00f3sult Semmelweis k\u00e9zmos\u00e1si projekt kiterjeszt\u00e9se Ruand\u00e1ra is, a tervek k\u00f6z\u00f6tt szerepel.&nbsp;<\/p>\n<!-- \/divi:paragraph -->\n\n<!-- divi:image {\"id\":1966,\"width\":772,\"height\":579,\"sizeSlug\":\"large\",\"linkDestination\":\"none\"} -->\n<figure class=\"wp-block-image size-large is-resized\"><img loading=\"lazy\" decoding=\"async\" src=\"https:\/\/kozelafrikahoz.hu\/wp-content\/uploads\/2023\/01\/inbound1689073608627134850-1024x768.jpg\" alt=\"\" class=\"wp-image-1966\" width=\"772\" height=\"579\"\/><\/figure>\n<!-- \/divi:image -->\n\n<!-- divi:paragraph -->\n<p>K\u00e9t \u00f6nk\u00e9ntes\u00fcnk besz\u00e1molt a L\u00e1nyok \u00fcgye! kamp\u00e1nyunkr\u00f3l \u00e9s az eddig el\u00e9rt sikereinkr\u0151l! (Mi is ez pontosan? B\u0151vebben, itt olvashatsz err\u0151l: <a href=\"https:\/\/projekt.kozelafrikahoz.hu\/?fbclid=IwAR2oK52h27cUHfUPH51gyJouMl9zDe1SkX37vIHowCLVoONYX14oFdbDKhU\" target=\"_blank\" rel=\"noreferrer noopener\">https:\/\/projekt.kozelafrikahoz.hu\/?fbclid=IwAR2oK52h27cUHfUPH51gyJouMl9zDe1SkX37vIHowCLVoONYX14oFdbDKhU<\/a> )&nbsp;<\/p>\n<!-- \/divi:paragraph -->\n\n<!-- divi:paragraph -->\n<p>&nbsp;Az esem\u00e9nyre l\u00e1togat\u00f3k megismerkedtek a Hint of Africa t\u00e1rsadalmi v\u00e1llalkoz\u00e1ssal, n\u00e9h\u00e1nyan sz\u00ednes, vid\u00e1m ruhadarabokkal gazdagodtak.&nbsp;<\/p>\n<!-- \/divi:paragraph -->\n\n<!-- divi:paragraph -->\n<p>Az autentikus afrikai \u00e9telekr\u0151l a Magyarorsz\u00e1gon&nbsp;tanul\u00f3 mali egyetemist\u00e1k, valamint alap\u00edtv\u00e1nyunk nagyk\u00f6vete Kafiya, gondoskodtak. A r\u00e9sztvev\u0151k szom\u00e1liai szambusza, szonrai nemu&nbsp;\u00e9s mogyor\u00f3s csirke k\u00f6z\u00fcl v\u00e1laszthattak.&nbsp;<\/p>\n<!-- \/divi:paragraph -->\n\n<!-- divi:image {\"id\":1967,\"width\":781,\"height\":464,\"sizeSlug\":\"large\",\"linkDestination\":\"none\"} -->\n<figure class=\"wp-block-image size-large is-resized\"><img loading=\"lazy\" decoding=\"async\" src=\"https:\/\/kozelafrikahoz.hu\/wp-content\/uploads\/2023\/01\/IMG_20230113_171928-1024x609.jpg\" alt=\"\" class=\"wp-image-1967\" width=\"781\" height=\"464\"\/><figcaption class=\"wp-element-caption\">Szak\u00e1cs csapat<\/figcaption><\/figure>\n<!-- \/divi:image -->\n\n<!-- divi:image {\"id\":1971,\"width\":785,\"height\":1396,\"sizeSlug\":\"large\",\"linkDestination\":\"none\"} -->\n<figure class=\"wp-block-image size-large is-resized\"><img loading=\"lazy\" decoding=\"async\" src=\"https:\/\/kozelafrikahoz.hu\/wp-content\/uploads\/2023\/01\/IMG-20230113-WA00011-576x1024.jpg\" alt=\"\" class=\"wp-image-1971\" width=\"785\" height=\"1396\" srcset=\"https:\/\/kozelafrikahoz.hu\/wp-content\/uploads\/2023\/01\/IMG-20230113-WA00011-576x1024.jpg 785w, https:\/\/kozelafrikahoz.hu\/wp-content\/uploads\/2023\/01\/IMG-20230113-WA00011-480x853.jpg 480w\" sizes=\"(min-width: 0px) and (max-width: 480px) 480px, (min-width: 481px) 785px, 100vw\" \/><figcaption class=\"wp-element-caption\">Szambusza k\u00e9sz\u00edt\u00e9se<\/figcaption><\/figure>\n<!-- \/divi:image -->\n\n<!-- divi:paragraph -->\n<p>A rendezv\u00e9ny\u00fcnk\u00f6n \u00f6sszegy\u0171lt adom\u00e1nyokat a L\u00e1nyok \u00dcgye! projekt\u00fcnkre ford\u00edtjuk. A&nbsp;k\u00f6vetkez\u0151 kamp\u00e1ny l\u00e9trehoz\u00e1s\u00e1hoz 700.000Ft-ra van sz\u00fcks\u00e9g\u00fcnk. Ebb\u0151l, t\u00e1mogat\u00f3ink seg\u00edts\u00e9g\u00e9vel m\u00e1r 450.000Ft-ot el\u00e9rt\u00fcnk!&nbsp;<\/p>\n<!-- \/divi:paragraph -->\n\n<!-- divi:paragraph -->\n<p>K\u00f6sz\u00f6nj\u00fck mindenkinek a r\u00e9szv\u00e9telt \u00e9s a t\u00e1mogat\u00e1st!&nbsp;<\/p>\n<!-- \/divi:paragraph -->[\/et_pb_text][\/et_pb_column]\n\t\t\t[\/et_pb_row]\n\t\t[\/et_pb_section]\n","protected":false},"excerpt":{"rendered":"<p>Telt h\u00e1zas rendezv\u00e9nnyel startolt a janu\u00e1r!&nbsp;&nbsp; Janu\u00e1r 13-\u00e1n, \u00e9rdekess\u00e9gekben gazdag est\u00e9t t\u00f6lt\u00f6tt\u00fcnk egy\u00fctt, ahol nem csak besz\u00e1mol\u00f3kat \u00e9s j\u00f6v\u0151beli terveket de \u00e9l\u0151 korazen\u00e9t is hallgattunk Lamine Siskora koram\u0171v\u00e9sz el\u0151ad\u00e1s\u00e1ban, aki fantasztikus dallamokkal elvar\u00e1zsolta a rendezv\u00e9ny r\u00e9sztvev\u0151it.&nbsp; Morris Andrea (K\u00f6zel Afrik\u00e1hoz Alap\u00edtv\u00e1ny eln\u00f6ke) \u00e9s AfriKata novemberben j\u00e1rtak Maliban \u00f6nk\u00e9ntes misszi\u00f3n.&nbsp; A neh\u00e9z politikai helyzet \u00e9s a [&hellip;]<\/p>\n","protected":false},"author":3,"featured_media":1973,"comment_status":"closed","ping_status":"closed","sticky":false,"template":"","format":"standard","meta":{"_et_pb_use_builder":"on","_et_pb_old_content":"<!-- wp:paragraph -->\n<p>Telt h\u00e1zas rendezv\u00e9nnyel startolt a janu\u00e1r!&nbsp;&nbsp;<\/p>\n<!-- \/wp:paragraph -->\n\n<!-- wp:paragraph -->\n<p>Janu\u00e1r 13-\u00e1n, \u00e9rdekess\u00e9gekben gazdag est\u00e9t t\u00f6lt\u00f6tt\u00fcnk egy\u00fctt, ahol nem csak besz\u00e1mol\u00f3kat \u00e9s j\u00f6v\u0151beli terveket de \u00e9l\u0151 korazen\u00e9t is hallgattunk Lamine Siskora koram\u0171v\u00e9sz el\u0151ad\u00e1s\u00e1ban, aki fantasztikus dallamokkal elvar\u00e1zsolta a rendezv\u00e9ny r\u00e9sztvev\u0151it.&nbsp;<\/p>\n<!-- \/wp:paragraph -->\n\n<!-- wp:paragraph -->\n<p>Morris Andrea (K\u00f6zel Afrik\u00e1hoz Alap\u00edtv\u00e1ny eln\u00f6ke) \u00e9s AfriKata novemberben j\u00e1rtak Maliban \u00f6nk\u00e9ntes misszi\u00f3n.&nbsp; A neh\u00e9z politikai helyzet \u00e9s a terrorizmus egyre er\u0151sebb el\u0151renyomul\u00e1sa miatt, kisebb csoda, hogy Andi \u00e9s Kata bejutottak az orsz\u00e1gba. Szem\u00e9lyesen mes\u00e9ltek az intenz\u00edv tereptapasztalataikr\u00f3l, a t\u00e1mogatott gyerekekr\u0151l, tank\u00f6nyvoszt\u00e1sr\u00f3l, felmer\u00fcl\u0151 neh\u00e9zs\u00e9gekr\u0151l \u00e9s a mali humorr\u00f3l.<\/p>\n<!-- \/wp:paragraph -->\n\n<!-- wp:image {\"id\":1970,\"sizeSlug\":\"large\",\"linkDestination\":\"none\"} -->\n<figure class=\"wp-block-image size-large\"><img src=\"https:\/\/kozelafrikahoz.hu\/wp-content\/uploads\/2023\/01\/IMG-20230114-WA0050-768x1024.jpg\" alt=\"\" class=\"wp-image-1970\"\/><\/figure>\n<!-- \/wp:image -->\n\n<!-- wp:image {\"id\":1969,\"width\":771,\"height\":579,\"sizeSlug\":\"full\",\"linkDestination\":\"none\"} -->\n<figure class=\"wp-block-image size-full is-resized\"><img src=\"https:\/\/kozelafrikahoz.hu\/wp-content\/uploads\/2023\/01\/FB_IMG_1673512734910.jpg\" alt=\"\" class=\"wp-image-1969\" width=\"771\" height=\"579\"\/><figcaption class=\"wp-element-caption\">Andi \u00e9s Kata a legut\u00f3bbi \u00fatjukr\u00f3l hozt\u00e1k haza a hangszer alapanyagot<\/figcaption><\/figure>\n<!-- \/wp:image -->\n\n<!-- wp:paragraph -->\n<p>Az est folyam\u00e1n ismertett\u00fck a K\u00f6zel Afrik\u00e1hoz Alap\u00edtv\u00e1ny 2023-as terveit k\u00f6zt\u00fck a hamarosan megval\u00f3sul\u00f3 Ruandai \u00fat c\u00e9lkit\u0171z\u00e9seit. Az \u00fat lehet\u0151s\u00e9get biztos\u00edt, hogy alap\u00edtv\u00e1ny munkat\u00e1rsai szem\u00e9lyesen l\u00e1togathassanak el a t\u00e1mogatott gyerekek csal\u00e1djaihoz \u00e9s az iskol\u00e1khoz a gyermekt\u00e1mogat\u00e1sok b\u0151v\u00edt\u00e9se c\u00e9lj\u00e1b\u00f3l. Ezenk\u00edv\u00fcl a kor\u00e1bban megval\u00f3sult Semmelweis k\u00e9zmos\u00e1si projekt kiterjeszt\u00e9se Ruand\u00e1ra is, a tervek k\u00f6z\u00f6tt szerepel.&nbsp;<\/p>\n<!-- \/wp:paragraph -->\n\n<!-- wp:image {\"id\":1966,\"width\":772,\"height\":579,\"sizeSlug\":\"large\",\"linkDestination\":\"none\"} -->\n<figure class=\"wp-block-image size-large is-resized\"><img src=\"https:\/\/kozelafrikahoz.hu\/wp-content\/uploads\/2023\/01\/inbound1689073608627134850-1024x768.jpg\" alt=\"\" class=\"wp-image-1966\" width=\"772\" height=\"579\"\/><\/figure>\n<!-- \/wp:image -->\n\n<!-- wp:paragraph -->\n<p>K\u00e9t \u00f6nk\u00e9ntes\u00fcnk besz\u00e1molt a L\u00e1nyok \u00fcgye! kamp\u00e1nyunkr\u00f3l \u00e9s az eddig el\u00e9rt sikereinkr\u0151l! (Mi is ez pontosan? B\u0151vebben, itt olvashatsz err\u0151l: <a href=\"https:\/\/projekt.kozelafrikahoz.hu\/?fbclid=IwAR2oK52h27cUHfUPH51gyJouMl9zDe1SkX37vIHowCLVoONYX14oFdbDKhU\" target=\"_blank\" rel=\"noreferrer noopener\">https:\/\/projekt.kozelafrikahoz.hu\/?fbclid=IwAR2oK52h27cUHfUPH51gyJouMl9zDe1SkX37vIHowCLVoONYX14oFdbDKhU<\/a> )&nbsp;<\/p>\n<!-- \/wp:paragraph -->\n\n<!-- wp:paragraph -->\n<p>&nbsp;Az esem\u00e9nyre l\u00e1togat\u00f3k megismerkedtek a Hint of Africa t\u00e1rsadalmi v\u00e1llalkoz\u00e1ssal, n\u00e9h\u00e1nyan sz\u00ednes, vid\u00e1m ruhadarabokkal gazdagodtak.&nbsp;<\/p>\n<!-- \/wp:paragraph -->\n\n<!-- wp:paragraph -->\n<p>Az autentikus afrikai \u00e9telekr\u0151l a Magyarorsz\u00e1gon&nbsp;tanul\u00f3 mali egyetemist\u00e1k, valamint alap\u00edtv\u00e1nyunk nagyk\u00f6vete Kafiya, gondoskodtak. A r\u00e9sztvev\u0151k szom\u00e1liai szambusza, szonrai nemu&nbsp;\u00e9s mogyor\u00f3s csirke k\u00f6z\u00fcl v\u00e1laszthattak.&nbsp;<\/p>\n<!-- \/wp:paragraph -->\n\n<!-- wp:image {\"id\":1967,\"width\":781,\"height\":464,\"sizeSlug\":\"large\",\"linkDestination\":\"none\"} -->\n<figure class=\"wp-block-image size-large is-resized\"><img src=\"https:\/\/kozelafrikahoz.hu\/wp-content\/uploads\/2023\/01\/IMG_20230113_171928-1024x609.jpg\" alt=\"\" class=\"wp-image-1967\" width=\"781\" height=\"464\"\/><figcaption class=\"wp-element-caption\">Szak\u00e1cs csapat<\/figcaption><\/figure>\n<!-- \/wp:image -->\n\n<!-- wp:image {\"id\":1971,\"width\":785,\"height\":1396,\"sizeSlug\":\"large\",\"linkDestination\":\"none\"} -->\n<figure class=\"wp-block-image size-large is-resized\"><img src=\"https:\/\/kozelafrikahoz.hu\/wp-content\/uploads\/2023\/01\/IMG-20230113-WA00011-576x1024.jpg\" alt=\"\" class=\"wp-image-1971\" width=\"785\" height=\"1396\"\/><figcaption class=\"wp-element-caption\">Szambusza k\u00e9sz\u00edt\u00e9se<\/figcaption><\/figure>\n<!-- \/wp:image -->\n\n<!-- wp:paragraph -->\n<p>A rendezv\u00e9ny\u00fcnk\u00f6n \u00f6sszegy\u0171lt adom\u00e1nyokat a L\u00e1nyok \u00dcgye! projekt\u00fcnkre ford\u00edtjuk. A&nbsp;k\u00f6vetkez\u0151 kamp\u00e1ny l\u00e9trehoz\u00e1s\u00e1hoz 700.000Ft-ra van sz\u00fcks\u00e9g\u00fcnk. Ebb\u0151l, t\u00e1mogat\u00f3ink seg\u00edts\u00e9g\u00e9vel m\u00e1r 450.000Ft-ot el\u00e9rt\u00fcnk!&nbsp;<\/p>\n<!-- \/wp:paragraph -->\n\n<!-- wp:paragraph -->\n<p>K\u00f6sz\u00f6nj\u00fck mindenkinek a r\u00e9szv\u00e9telt \u00e9s a t\u00e1mogat\u00e1st!&nbsp;<\/p>\n<!-- \/wp:paragraph -->","_et_gb_content_width":"","footnotes":""},"categories":[44,45,39,7,37],"tags":[],"class_list":["post-1965","post","type-post","status-publish","format-standard","has-post-thumbnail","hentry","category-eloadasok-afrikarol","category-kozossegepites","category-lanyok-ugye","category-mi-ujsag","category-onkenteskuldes"],"_links":{"self":[{"href":"https:\/\/kozelafrikahoz.hu\/en\/wp-json\/wp\/v2\/posts\/1965","targetHints":{"allow":["GET"]}}],"collection":[{"href":"https:\/\/kozelafrikahoz.hu\/en\/wp-json\/wp\/v2\/posts"}],"about":[{"href":"https:\/\/kozelafrikahoz.hu\/en\/wp-json\/wp\/v2\/types\/post"}],"author":[{"embeddable":true,"href":"https:\/\/kozelafrikahoz.hu\/en\/wp-json\/wp\/v2\/users\/3"}],"replies":[{"embeddable":true,"href":"https:\/\/kozelafrikahoz.hu\/en\/wp-json\/wp\/v2\/comments?post=1965"}],"version-history":[{"count":4,"href":"https:\/\/kozelafrikahoz.hu\/en\/wp-json\/wp\/v2\/posts\/1965\/revisions"}],"predecessor-version":[{"id":4194,"href":"https:\/\/kozelafrikahoz.hu\/en\/wp-json\/wp\/v2\/posts\/1965\/revisions\/4194"}],"wp:featuredmedia":[{"embeddable":true,"href":"https:\/\/kozelafrikahoz.hu\/en\/wp-json\/wp\/v2\/media\/1973"}],"wp:attachment":[{"href":"https:\/\/kozelafrikahoz.hu\/en\/wp-json\/wp\/v2\/media?parent=1965"}],"wp:term":[{"taxonomy":"category","embeddable":true,"href":"https:\/\/kozelafrikahoz.hu\/en\/wp-json\/wp\/v2\/categories?post=1965"},{"taxonomy":"post_tag","embeddable":true,"href":"https:\/\/kozelafrikahoz.hu\/en\/wp-json\/wp\/v2\/tags?post=1965"}],"curies":[{"name":"wp","href":"https:\/\/api.w.org\/{rel}","templated":true}]}}