{"id":19314,"date":"2026-09-01T14:05:40","date_gmt":"2026-09-01T12:05:40","guid":{"rendered":"https:\/\/kozelafrikahoz.hu\/?p=19314"},"modified":"2026-09-01T14:06:03","modified_gmt":"2026-09-01T12:06:03","slug":"theogene-bimenyimana","status":"publish","type":"post","link":"https:\/\/kozelafrikahoz.hu\/en\/theogene-bimenyimana\/","title":{"rendered":"THEOGENE Bimenyimana"},"content":{"rendered":"<figure class=\"wp-block-image size-large\"><img loading=\"lazy\" decoding=\"async\" width=\"1024\" height=\"576\" src=\"https:\/\/kozelafrikahoz.hu\/wp-content\/uploads\/2026\/09\/Bimenyimana-Theogene2-1024x576.jpg\" alt=\"\" class=\"wp-image-19317\" srcset=\"https:\/\/kozelafrikahoz.hu\/wp-content\/uploads\/2026\/09\/Bimenyimana-Theogene2-1024x576.jpg 1024w, https:\/\/kozelafrikahoz.hu\/wp-content\/uploads\/2026\/09\/Bimenyimana-Theogene2-980x551.jpg 980w, https:\/\/kozelafrikahoz.hu\/wp-content\/uploads\/2026\/09\/Bimenyimana-Theogene2-480x270.jpg 480w\" sizes=\"(min-width: 0px) and (max-width: 480px) 480px, (min-width: 481px) and (max-width: 980px) 980px, (min-width: 981px) 1024px, 100vw\" \/><\/figure>\n\n\n\n<p class=\"wp-block-paragraph\">A 20 \u00e9ves Theogene rendk\u00edv\u00fcl tragikus m\u00faltat tudhat maga m\u00f6g\u00f6tt: apj\u00e1t sosem ismerte, \u00e9desanyj\u00e1t pedig 14 \u00e9ves kor\u00e1ban drogb\u0171n\u00f6z\u0151k gyilkolt\u00e1k meg. A fi\u00fa teljesen mag\u00e1ra maradt, csal\u00e1dokn\u00e1l megh\u00faz\u00f3dva, neh\u00e9z fizikai munk\u00e1kkal tartotta fenn mag\u00e1t, \u00e1m a tanul\u00e1st a legmostoh\u00e1bb k\u00f6r\u00fclm\u00e9nyek k\u00f6z\u00f6tt sem adta fel. Egy helyi faluvezet\u0151 biztos\u00edtott sz\u00e1m\u00e1ra fedelet a feje f\u00f6l\u00e9 a vizsg\u00e1k idej\u00e9re, Theogene pedig szorgalm\u00e1nak k\u00f6sz\u00f6nhet\u0151en 72%-os eredm\u00e9nnyel z\u00e1rta a 9. oszt\u00e1lyt.<\/p>\n\n\n\n<p class=\"wp-block-paragraph\">Kitart\u00e1s\u00e1nak h\u00e1la felv\u00e9telt nyert egy szakiskol\u00e1ba, ahol az a legh\u0151bb \u00e1lma, hogy \u00e9p\u00edt\u0151m\u00e9rn\u00f6kk\u00e9 v\u00e1ljon \u00e9s \u00e9p\u00edtkez\u00e9seken dolgozhasson. A tanulm\u00e1nyai megkezd\u00e9s\u00e9nek egyetlen g\u00e1tja a p\u00e9nzhi\u00e1ny: a tand\u00edjat, a taneszk\u00f6z\u00f6ket, az utaz\u00e1st \u00e9s a mindennapi meg\u00e9lhet\u00e9s k\u00f6lts\u00e9geit egyed\u00fcl k\u00e9ptelen el\u0151teremteni. <\/p>\n\n\n\n<p class=\"wp-block-paragraph\">Theogene sz\u00e1m\u00e1ra most t\u00e1mogat\u00f3t keres\u00fcnk, hogy kifizethesse a szakiskolai tand\u00edjat, \u00e9s es\u00e9lyt kapjon a szakmaszerz\u00e9sre.<\/p>","protected":false},"excerpt":{"rendered":"<p>Sz\u00fcletett: 2006; Iskola: Akagera Kids<\/p>","protected":false},"author":11,"featured_media":19316,"comment_status":"closed","ping_status":"closed","sticky":false,"template":"","format":"standard","meta":{"_et_pb_use_builder":"off","_et_pb_old_content":"","_et_gb_content_width":"","footnotes":""},"categories":[23],"tags":[],"class_list":["post-19314","post","type-post","status-publish","format-standard","has-post-thumbnail","hentry","category-ruanda-tamogathato"],"_links":{"self":[{"href":"https:\/\/kozelafrikahoz.hu\/en\/wp-json\/wp\/v2\/posts\/19314","targetHints":{"allow":["GET"]}}],"collection":[{"href":"https:\/\/kozelafrikahoz.hu\/en\/wp-json\/wp\/v2\/posts"}],"about":[{"href":"https:\/\/kozelafrikahoz.hu\/en\/wp-json\/wp\/v2\/types\/post"}],"author":[{"embeddable":true,"href":"https:\/\/kozelafrikahoz.hu\/en\/wp-json\/wp\/v2\/users\/11"}],"replies":[{"embeddable":true,"href":"https:\/\/kozelafrikahoz.hu\/en\/wp-json\/wp\/v2\/comments?post=19314"}],"version-history":[{"count":1,"href":"https:\/\/kozelafrikahoz.hu\/en\/wp-json\/wp\/v2\/posts\/19314\/revisions"}],"predecessor-version":[{"id":19318,"href":"https:\/\/kozelafrikahoz.hu\/en\/wp-json\/wp\/v2\/posts\/19314\/revisions\/19318"}],"wp:featuredmedia":[{"embeddable":true,"href":"https:\/\/kozelafrikahoz.hu\/en\/wp-json\/wp\/v2\/media\/19316"}],"wp:attachment":[{"href":"https:\/\/kozelafrikahoz.hu\/en\/wp-json\/wp\/v2\/media?parent=19314"}],"wp:term":[{"taxonomy":"category","embeddable":true,"href":"https:\/\/kozelafrikahoz.hu\/en\/wp-json\/wp\/v2\/categories?post=19314"},{"taxonomy":"post_tag","embeddable":true,"href":"https:\/\/kozelafrikahoz.hu\/en\/wp-json\/wp\/v2\/tags?post=19314"}],"curies":[{"name":"wp","href":"https:\/\/api.w.org\/{rel}","templated":true}]}}