{"id":189,"date":"2022-05-24T12:11:00","date_gmt":"2022-05-24T10:11:00","guid":{"rendered":"https:\/\/kozelafrikahoz.hu\/?p=189"},"modified":"2025-10-01T17:16:19","modified_gmt":"2025-10-01T15:16:19","slug":"mi-ujsag-3","status":"publish","type":"post","link":"https:\/\/kozelafrikahoz.hu\/en\/mi-ujsag-3\/","title":{"rendered":"The Girls' Cause program has started"},"content":{"rendered":"\n<p class=\"wp-block-paragraph\">A Sini Sanuman szervezet, helyi partner\u00fcnk megtartotta az els\u0151 felvil\u00e1gos\u00edt\u00f3, \u00e9rz\u00e9keny\u00edt\u0151 nagygy\u0171l\u00e9st a szeg\u00e9nynegyed vezet\u0151ivel. A k\u00e9pen Siaka Traor\u00e9, a Sini Sanuman vezet\u0151je besz\u00e9l mik\u00f6zben a negyed hivatalos \u00e9s nem hivatalos f\u0151n\u00f6kei, az asszonyszervezetek vezet\u0151i szemles\u00fctve hallgatj\u00e1k. Belegondoltatok, hogy mir\u0151l is tart besz\u00e9det? <img loading=\"lazy\" decoding=\"async\" height=\"16\" width=\"16\" src=\"https:\/\/static.xx.fbcdn.net\/images\/emoji.php\/v9\/tb0\/1.5\/16\/1f609.png\" alt=\"\ud83d\ude09\">Siaka szerint pozit\u00edvan \u00e1lltak a sz\u00e1mukra szokatlan tabu t\u00e9ma megvitat\u00e1s\u00e1hoz. <img loading=\"lazy\" decoding=\"async\" height=\"16\" width=\"16\" src=\"https:\/\/static.xx.fbcdn.net\/images\/emoji.php\/v9\/t3e\/1.5\/16\/1f91e.png\" alt=\"\ud83e\udd1e\"><a href=\"https:\/\/www.facebook.com\/hashtag\/endfg?__eep__=6&amp;__cft__[0]=AZUE1s_v-bnqASnLq79ndO8K1JyxZXyejWW7SRCkDlvca26wklexD8PtCeBM7syCsDz-EBAKZIrg6gcdi5qXDLswzcNy31Wh3nRMbTtetF76x7zTHsA_5cXhxErGm0bKJJtm6IheMmRVckSRgZ1V9FWnxlbqnUi3tCSzr3qY5frXGDxccTabPirr7A8h78j7jOA&amp;__tn__=*NK-R\">#endfg<\/a><a href=\"https:\/\/www.facebook.com\/hashtag\/sinisanuman?__eep__=6&amp;__cft__[0]=AZUE1s_v-bnqASnLq79ndO8K1JyxZXyejWW7SRCkDlvca26wklexD8PtCeBM7syCsDz-EBAKZIrg6gcdi5qXDLswzcNy31Wh3nRMbTtetF76x7zTHsA_5cXhxErGm0bKJJtm6IheMmRVckSRgZ1V9FWnxlbqnUi3tCSzr3qY5frXGDxccTabPirr7A8h78j7jOA&amp;__tn__=*NK-R\">#sinisanuman<\/a><a href=\"https:\/\/www.facebook.com\/hashtag\/alanyokugye?__eep__=6&amp;__cft__[0]=AZUE1s_v-bnqASnLq79ndO8K1JyxZXyejWW7SRCkDlvca26wklexD8PtCeBM7syCsDz-EBAKZIrg6gcdi5qXDLswzcNy31Wh3nRMbTtetF76x7zTHsA_5cXhxErGm0bKJJtm6IheMmRVckSRgZ1V9FWnxlbqnUi3tCSzr3qY5frXGDxccTabPirr7A8h78j7jOA&amp;__tn__=*NK-R\">#alanyokugye<\/a><\/p>\n\n\n\n<p class=\"wp-block-paragraph\"><strong>Ha szeretn\u00e9l t\u00f6bbet tudni a L\u00e1nyok \u00fcgye programr\u00f3l<\/strong>, a n\u0151i nemiszerv-csonk\u00edt\u00e1s elleni mozgalomr\u00f3l \u00e9s t\u00e1mogatn\u00e1d programunkat, akkor olvass tov\u00e1bb itt: Hogyan seg\u00edthetsz &#8211;&gt; T\u00e1mogass egy programot! men\u00fcpont<\/p>\n\n\n\n<p class=\"wp-block-paragraph\"><\/p>\n","protected":false},"excerpt":{"rendered":"<p>Sini Sanuman, our partner foundation, has held its first meeting with the community leaders of Sanfils to raise awareness and talk about FGC. <\/p>","protected":false},"author":3,"featured_media":1222,"comment_status":"closed","ping_status":"closed","sticky":false,"template":"","format":"standard","meta":{"_et_pb_use_builder":"off","_et_pb_old_content":"","_et_gb_content_width":"","footnotes":""},"categories":[39,7],"tags":[],"class_list":["post-189","post","type-post","status-publish","format-standard","has-post-thumbnail","hentry","category-lanyok-ugye","category-mi-ujsag"],"_links":{"self":[{"href":"https:\/\/kozelafrikahoz.hu\/en\/wp-json\/wp\/v2\/posts\/189","targetHints":{"allow":["GET"]}}],"collection":[{"href":"https:\/\/kozelafrikahoz.hu\/en\/wp-json\/wp\/v2\/posts"}],"about":[{"href":"https:\/\/kozelafrikahoz.hu\/en\/wp-json\/wp\/v2\/types\/post"}],"author":[{"embeddable":true,"href":"https:\/\/kozelafrikahoz.hu\/en\/wp-json\/wp\/v2\/users\/3"}],"replies":[{"embeddable":true,"href":"https:\/\/kozelafrikahoz.hu\/en\/wp-json\/wp\/v2\/comments?post=189"}],"version-history":[{"count":3,"href":"https:\/\/kozelafrikahoz.hu\/en\/wp-json\/wp\/v2\/posts\/189\/revisions"}],"predecessor-version":[{"id":1221,"href":"https:\/\/kozelafrikahoz.hu\/en\/wp-json\/wp\/v2\/posts\/189\/revisions\/1221"}],"wp:featuredmedia":[{"embeddable":true,"href":"https:\/\/kozelafrikahoz.hu\/en\/wp-json\/wp\/v2\/media\/1222"}],"wp:attachment":[{"href":"https:\/\/kozelafrikahoz.hu\/en\/wp-json\/wp\/v2\/media?parent=189"}],"wp:term":[{"taxonomy":"category","embeddable":true,"href":"https:\/\/kozelafrikahoz.hu\/en\/wp-json\/wp\/v2\/categories?post=189"},{"taxonomy":"post_tag","embeddable":true,"href":"https:\/\/kozelafrikahoz.hu\/en\/wp-json\/wp\/v2\/tags?post=189"}],"curies":[{"name":"wp","href":"https:\/\/api.w.org\/{rel}","templated":true}]}}