{"id":187,"date":"2022-03-22T12:10:38","date_gmt":"2022-03-22T11:10:38","guid":{"rendered":"https:\/\/kozelafrikahoz.hu\/?p=187"},"modified":"2025-10-01T17:17:34","modified_gmt":"2025-10-01T15:17:34","slug":"a-toros-gyujtemeny","status":"publish","type":"post","link":"https:\/\/kozelafrikahoz.hu\/en\/a-toros-gyujtemeny\/","title":{"rendered":"The T\u00f6r\u00f6s Collection"},"content":{"rendered":"<p class=\"wp-block-paragraph\">Our Foundation has been blessed to receive another fantastic donation!<\/p>\n\n\n\n<p class=\"wp-block-paragraph\">T\u00f6r\u00f6s K\u00e1roly, magyar sz\u00e1rmaz\u00e1s\u00fa d\u00e9l-afrikai \u00fasz\u00f3edz\u0151 \u00e9rt\u00e9kes afrikai m\u0171t\u00e1rgygy\u0171jtem\u00e9ny\u00e9t alap\u00edtv\u00e1nyunknak adom\u00e1nyozta. T\u00f6r\u00f6s K\u00e1roly jelenleg Sv\u00e1jcban \u00e9l, de kalandos \u00e9lete sor\u00e1n \u00e9vtizedeket t\u00f6lt\u00f6tt D\u00e9l-Afrik\u00e1ban, ahol amat\u0151r gy\u0171jt\u0151k\u00e9nt rengeteg gy\u00f6ny\u00f6r\u0171 k\u0151 \u00e9s fa szobrot, festm\u00e9nyt \u00e9s haszn\u00e1lati t\u00e1rgyat gy\u0171jt\u00f6tt. B\u00e1r ma m\u00e1r nem \u00e9l Afrik\u00e1ban, sz\u00edve m\u00e9gis ott maradt. Sokat tett az afrikai gyermekek felemelked\u00e9s\u00e9rt, oktat\u00e1suk\u00e9rt. \u00dasz\u00f3edz\u0151i p\u00e1lyafut\u00e1sa cs\u00facs\u00e1nak azt tekinti , hogy \u0151 nevelte ki a vil\u00e1g els\u0151 feketeb\u0151r\u0171 \u00fasz\u00f3bajnok\u00e1t. T\u00f6r\u00f6s K\u00e1rolyr\u00f3l a szeptemberi Forbes magazinban is olvashatnak.<\/p>\n\n\n\n<p class=\"wp-block-paragraph\">The donated art pieces are going to be part of an exhibition but can also be purchased for donation. The donation arriving from the sale is used for our programs in Africa.<\/p>\n\n\n\n<p class=\"wp-block-paragraph\">Should you be interested in looking at the gallery of the items, please write to us on info@kozelafrikahoz.hu!<\/p>\n\n\n\n<p class=\"wp-block-paragraph\"><\/p>\n\n\n\n<p class=\"wp-block-paragraph\"><\/p>","protected":false},"excerpt":{"rendered":"<p>Our Foundation has been blessed to receive another fantastic donation from K\u00e1roly T\u00f6r\u00f6s<\/p>","protected":false},"author":3,"featured_media":1202,"comment_status":"closed","ping_status":"closed","sticky":false,"template":"","format":"standard","meta":{"_et_pb_use_builder":"off","_et_pb_old_content":"","_et_gb_content_width":"","footnotes":""},"categories":[44,42,7],"tags":[],"class_list":["post-187","post","type-post","status-publish","format-standard","has-post-thumbnail","hentry","category-eloadasok-afrikarol","category-gyerektamogatas","category-mi-ujsag"],"_links":{"self":[{"href":"https:\/\/kozelafrikahoz.hu\/en\/wp-json\/wp\/v2\/posts\/187","targetHints":{"allow":["GET"]}}],"collection":[{"href":"https:\/\/kozelafrikahoz.hu\/en\/wp-json\/wp\/v2\/posts"}],"about":[{"href":"https:\/\/kozelafrikahoz.hu\/en\/wp-json\/wp\/v2\/types\/post"}],"author":[{"embeddable":true,"href":"https:\/\/kozelafrikahoz.hu\/en\/wp-json\/wp\/v2\/users\/3"}],"replies":[{"embeddable":true,"href":"https:\/\/kozelafrikahoz.hu\/en\/wp-json\/wp\/v2\/comments?post=187"}],"version-history":[{"count":4,"href":"https:\/\/kozelafrikahoz.hu\/en\/wp-json\/wp\/v2\/posts\/187\/revisions"}],"predecessor-version":[{"id":4198,"href":"https:\/\/kozelafrikahoz.hu\/en\/wp-json\/wp\/v2\/posts\/187\/revisions\/4198"}],"wp:featuredmedia":[{"embeddable":true,"href":"https:\/\/kozelafrikahoz.hu\/en\/wp-json\/wp\/v2\/media\/1202"}],"wp:attachment":[{"href":"https:\/\/kozelafrikahoz.hu\/en\/wp-json\/wp\/v2\/media?parent=187"}],"wp:term":[{"taxonomy":"category","embeddable":true,"href":"https:\/\/kozelafrikahoz.hu\/en\/wp-json\/wp\/v2\/categories?post=187"},{"taxonomy":"post_tag","embeddable":true,"href":"https:\/\/kozelafrikahoz.hu\/en\/wp-json\/wp\/v2\/tags?post=187"}],"curies":[{"name":"wp","href":"https:\/\/api.w.org\/{rel}","templated":true}]}}