{"id":11621,"date":"2025-09-18T12:39:04","date_gmt":"2025-09-18T10:39:04","guid":{"rendered":"https:\/\/kozelafrikahoz.hu\/?p=11621"},"modified":"2026-01-20T14:54:34","modified_gmt":"2026-01-20T13:54:34","slug":"bemutatkozik-a-hint-of-africa-varromuhely","status":"publish","type":"post","link":"https:\/\/kozelafrikahoz.hu\/en\/bemutatkozik-a-hint-of-africa-varromuhely\/","title":{"rendered":"Introducing the Hint of Africa sewing workshop"},"content":{"rendered":"<p class=\"wp-block-paragraph\">We look forward to welcoming everyone to the \"My Neighbor is the World!\" festival on Friday, September 26.<br>You can get to know our newly launched sewing workshop, where the focus is on reuse. With the help of a skilled designer and seamstress, you can dream up and recreate your old clothes, or choose from a selection of ready-made items. All this with a touch of Africa!<br>The workshop will be open regularly from October, with cultural programs every two months.<br>Stay tuned, details will follow soon!<br>Event details here: https:\/\/fb.me\/e\/50CZiQNmH<\/p>\n\n\n\n<figure class=\"wp-block-image size-large is-resized\"><img loading=\"lazy\" decoding=\"async\" width=\"1024\" height=\"615\" src=\"https:\/\/kozelafrikahoz.hu\/wp-content\/uploads\/2025\/07\/GUPHANDEU-HU_-masodlagos-felhasznalasi-opcio-1024x615.png\" alt=\"\" class=\"wp-image-7951\" style=\"width:265px;height:auto\" srcset=\"https:\/\/kozelafrikahoz.hu\/wp-content\/uploads\/2025\/07\/GUPHANDEU-HU_-masodlagos-felhasznalasi-opcio-1024x615.png 1024w, https:\/\/kozelafrikahoz.hu\/wp-content\/uploads\/2025\/07\/GUPHANDEU-HU_-masodlagos-felhasznalasi-opcio-980x588.png 980w, https:\/\/kozelafrikahoz.hu\/wp-content\/uploads\/2025\/07\/GUPHANDEU-HU_-masodlagos-felhasznalasi-opcio-480x288.png 480w\" sizes=\"(min-width: 0px) and (max-width: 480px) 480px, (min-width: 481px) and (max-width: 980px) 980px, (min-width: 981px) 1024px, 100vw\" \/><\/figure>\n\n\n\n<p class=\"wp-block-paragraph\"><em>Jelen megjelen\u00e9s az Eur\u00f3pai Uni\u00f3 t\u00e1rsfinansz\u00edroz\u00e1s\u00e1val val\u00f3sult meg. Tartalma a K\u00f6zel Afrik\u00e1hoz Alap\u00edtv\u00e1ny kiz\u00e1r\u00f3lagos felel\u0151ss\u00e9g\u00e9t k\u00e9pezi \u00e9s nem felt\u00e9tlen\u00fcl t\u00fckr\u00f6zi az Eur\u00f3pai Uni\u00f3 \u00e1ll\u00e1spontj\u00e1t<\/em>.<\/p>\n\n\n\n<h1 class=\"wp-block-heading\">Introducing the Hint of Africa sewing workshop!<\/h1>\n\n\n\n<p class=\"wp-block-paragraph\">On Friday, <strong>September 26<\/strong>, we warmly welcome everyone to the <em>My Neighbor is the World!<\/em> festival.<\/p>\n\n\n\n<p class=\"wp-block-paragraph\">You can get to know our new sewing workshop, where the focus will be on reuse. With the help of a qualified designer and seamstress, you can dream up and recreate your old clothes, or choose from among the finished products. All this with a touch of Africa!<\/p>\n\n\n\n<p class=\"wp-block-paragraph\">The workshop will be open regularly from October, with cultural programs every two months.<br>Stay tuned, we&#8217;ll be back soon with more details!<\/p>\n\n\n\n<p class=\"wp-block-paragraph\">You can find details of the event here: https:\/\/fb.me\/e\/50CZiQNmH<\/p>\n\n\n\n<figure class=\"wp-block-image size-large is-resized\"><img loading=\"lazy\" decoding=\"async\" width=\"1024\" height=\"615\" src=\"https:\/\/kozelafrikahoz.hu\/wp-content\/uploads\/2025\/07\/GUPHANDEU-HU_-masodlagos-felhasznalasi-opcio-1024x615.png\" alt=\"\" class=\"wp-image-7951\" style=\"width:265px;height:auto\" srcset=\"https:\/\/kozelafrikahoz.hu\/wp-content\/uploads\/2025\/07\/GUPHANDEU-HU_-masodlagos-felhasznalasi-opcio-1024x615.png 1024w, https:\/\/kozelafrikahoz.hu\/wp-content\/uploads\/2025\/07\/GUPHANDEU-HU_-masodlagos-felhasznalasi-opcio-980x588.png 980w, https:\/\/kozelafrikahoz.hu\/wp-content\/uploads\/2025\/07\/GUPHANDEU-HU_-masodlagos-felhasznalasi-opcio-480x288.png 480w\" sizes=\"(min-width: 0px) and (max-width: 480px) 480px, (min-width: 481px) and (max-width: 980px) 980px, (min-width: 981px) 1024px, 100vw\" \/><\/figure>\n\n\n\n<p class=\"wp-block-paragraph\"><em>This publication was co-funded by the European Union. Its contents are the sole responsibility of Close to Africa Foundation and do not necessarily reflect the views of the European Union.<\/em><\/p>","protected":false},"excerpt":{"rendered":"<p>Szeptember 26-\u00e1n p\u00e9nteken a &#8222;Szomsz\u00e9dom a vil\u00e1g!&#8221; fesztiv\u00e1lon v\u00e1runk mindenkit szeretettel.Megismerkedhettek indul\u00f3 varr\u00f3m\u0171hely\u00fcnkkel, ahol az \u00fajrafelhaszn\u00e1l\u00e1s lesz a f\u00f3kuszban. Szakk\u00e9pzett tervez\u0151 \u00e9s varr\u00f3n\u0151 seg\u00edts\u00e9g\u00e9vel meg\u00e1lmodhatj\u00e1tok \u00e9s \u00fajraalkothatj\u00e1tok megunt ruhadarabjaitokat, vagy v\u00e1laszthattok a k\u00e9sz term\u00e9kek k\u00f6z\u00fcl. Mindez egy csipetni Afrik\u00e1val!A m\u0171hely okt\u00f3bert\u0151l rendszeresen nyitva fog \u00e1llni el\u0151ttetek, k\u00e9thavonta kultur\u00e1lis programokkal sz\u00ednes\u00edtve.Stay tuned, r\u00e9szletekkel hamarosan jelentkez\u00fcnk!Esem\u00e9ny r\u00e9szleteit [&hellip;]<\/p>\n","protected":false},"author":3,"featured_media":11626,"comment_status":"closed","ping_status":"closed","sticky":false,"template":"","format":"standard","meta":{"_et_pb_use_builder":"off","_et_pb_old_content":"<!-- wp:paragraph -->\n<p><strong>Szeptember 26<\/strong>-\u00e1n p\u00e9nteken a <em>Szomsz\u00e9dom a vil\u00e1g! <\/em>fesztiv\u00e1lon v\u00e1runk mindenkit szeretettel.<br>Megismerkedhettek indul\u00f3 varr\u00f3m\u0171hely\u00fcnkkel, ahol az \u00fajrafelhaszn\u00e1l\u00e1s lesz a f\u00f3kuszban. Szakk\u00e9pzett tervez\u0151 \u00e9s varr\u00f3n\u0151 seg\u00edts\u00e9g\u00e9vel meg\u00e1lmodhatj\u00e1tok \u00e9s \u00fajraalkothatj\u00e1tok megunt ruhadarabjaitokat, vagy v\u00e1laszthattok a k\u00e9sz term\u00e9kek k\u00f6z\u00fcl. Mindez egy csipetni Afrik\u00e1val!<br>A m\u0171hely okt\u00f3bert\u0151l rendszeresen nyitva fog \u00e1llni el\u0151ttetek, k\u00e9thavonta kultur\u00e1lis programokkal sz\u00ednes\u00edtve.<br>Stay tuned, r\u00e9szletekkel hamarosan jelentkez\u00fcnk!<br>Esem\u00e9ny r\u00e9szleteit itt tal\u00e1lj\u00e1tok: https:\/\/fb.me\/e\/50CZiQNmH<\/p>\n<!-- \/wp:paragraph -->\n\n<!-- wp:heading {\"level\":1} -->\n<h1 class=\"wp-block-heading\">Introducing the Hint of Africa sewing workshop!<\/h1>\n<!-- \/wp:heading -->\n\n<!-- wp:paragraph -->\n<p>On Friday, <strong>September 26<\/strong>, we warmly welcome everyone to the <em>My Neighbor is the World!<\/em> festival.<\/p>\n<!-- \/wp:paragraph -->\n\n<!-- wp:paragraph -->\n<p>You can get to know our new sewing workshop, where the focus will be on reuse. With the help of a qualified designer and seamstress, you can dream up and recreate your old clothes, or choose from among the finished products. All this with a touch of Africa!<\/p>\n<!-- \/wp:paragraph -->\n\n<!-- wp:paragraph -->\n<p>The workshop will be open regularly from October, with cultural programs every two months.<br>Stay tuned, we'll be back soon with more details!<\/p>\n<!-- \/wp:paragraph -->\n\n<!-- wp:paragraph -->\n<p>You can find details of the event here: https:\/\/fb.me\/e\/50CZiQNmH<\/p>\n<!-- \/wp:paragraph -->","_et_gb_content_width":"","footnotes":""},"categories":[1,48,43,40,45,7],"tags":[],"class_list":["post-11621","post","type-post","status-publish","format-standard","has-post-thumbnail","hentry","category-egyeb","category-egyuttmukodesek","category-fesztivalszervezes","category-hint-of-africa","category-kozossegepites","category-mi-ujsag"],"_links":{"self":[{"href":"https:\/\/kozelafrikahoz.hu\/en\/wp-json\/wp\/v2\/posts\/11621","targetHints":{"allow":["GET"]}}],"collection":[{"href":"https:\/\/kozelafrikahoz.hu\/en\/wp-json\/wp\/v2\/posts"}],"about":[{"href":"https:\/\/kozelafrikahoz.hu\/en\/wp-json\/wp\/v2\/types\/post"}],"author":[{"embeddable":true,"href":"https:\/\/kozelafrikahoz.hu\/en\/wp-json\/wp\/v2\/users\/3"}],"replies":[{"embeddable":true,"href":"https:\/\/kozelafrikahoz.hu\/en\/wp-json\/wp\/v2\/comments?post=11621"}],"version-history":[{"count":5,"href":"https:\/\/kozelafrikahoz.hu\/en\/wp-json\/wp\/v2\/posts\/11621\/revisions"}],"predecessor-version":[{"id":19106,"href":"https:\/\/kozelafrikahoz.hu\/en\/wp-json\/wp\/v2\/posts\/11621\/revisions\/19106"}],"wp:featuredmedia":[{"embeddable":true,"href":"https:\/\/kozelafrikahoz.hu\/en\/wp-json\/wp\/v2\/media\/11626"}],"wp:attachment":[{"href":"https:\/\/kozelafrikahoz.hu\/en\/wp-json\/wp\/v2\/media?parent=11621"}],"wp:term":[{"taxonomy":"category","embeddable":true,"href":"https:\/\/kozelafrikahoz.hu\/en\/wp-json\/wp\/v2\/categories?post=11621"},{"taxonomy":"post_tag","embeddable":true,"href":"https:\/\/kozelafrikahoz.hu\/en\/wp-json\/wp\/v2\/tags?post=11621"}],"curies":[{"name":"wp","href":"https:\/\/api.w.org\/{rel}","templated":true}]}}